{"id":91369,"date":"2022-07-05T12:54:53","date_gmt":"2022-07-05T15:54:53","guid":{"rendered":"https:\/\/primicias2262.com\/?p=91369"},"modified":"2022-07-05T12:54:53","modified_gmt":"2022-07-05T15:54:53","slug":"la-usina-permanecera-cerrada-el-viernes-8-y-el-lunes-11","status":"publish","type":"post","link":"https:\/\/primicias2262.com\/noticias\/la-usina-permanecera-cerrada-el-viernes-8-y-el-lunes-11\/","title":{"rendered":"La Usina permanecer\u00e1 cerrada el viernes 8 y el lunes 11"},"content":{"rendered":"<p style=\"font-weight: 400;\">La Usina Popular Cooperativa informa que sus oficinas comerciales permanecer\u00e1n cerradas al p\u00fablico los d\u00edas viernes 8 y lunes 11 de julio.<\/p>\n<p>Seg\u00fan se inform\u00f3 desde la medida obedece a que se est\u00e1n implementando cambios en el sistema comercial.<\/p>\n<p style=\"font-weight: 400;\">\n","protected":false},"excerpt":{"rendered":"<p>La Usina Popular Cooperativa informa que sus oficinas comerciales permanecer\u00e1n cerradas al p\u00fablico los d\u00edas viernes 8 y lunes 11 de julio. Seg\u00fan se inform\u00f3 desde la medida obedece a que se est\u00e1n implementando cambios en el sistema comercial.<\/p>\n","protected":false},"author":3,"featured_media":79508,"comment_status":"closed","ping_status":"closed","sticky":false,"template":"","format":"standard","meta":{"footnotes":""},"categories":[3],"tags":[],"class_list":["post-91369","post","type-post","status-publish","format-standard","has-post-thumbnail","category-masnoticias"],"_links":{"self":[{"href":"https:\/\/primicias2262.com\/noticias\/wp-json\/wp\/v2\/posts\/91369","targetHints":{"allow":["GET"]}}],"collection":[{"href":"https:\/\/primicias2262.com\/noticias\/wp-json\/wp\/v2\/posts"}],"about":[{"href":"https:\/\/primicias2262.com\/noticias\/wp-json\/wp\/v2\/types\/post"}],"author":[{"embeddable":true,"href":"https:\/\/primicias2262.com\/noticias\/wp-json\/wp\/v2\/users\/3"}],"replies":[{"embeddable":true,"href":"https:\/\/primicias2262.com\/noticias\/wp-json\/wp\/v2\/comments?post=91369"}],"version-history":[{"count":0,"href":"https:\/\/primicias2262.com\/noticias\/wp-json\/wp\/v2\/posts\/91369\/revisions"}],"wp:attachment":[{"href":"https:\/\/primicias2262.com\/noticias\/wp-json\/wp\/v2\/media?parent=91369"}],"wp:term":[{"taxonomy":"category","embeddable":true,"href":"https:\/\/primicias2262.com\/noticias\/wp-json\/wp\/v2\/categories?post=91369"},{"taxonomy":"post_tag","embeddable":true,"href":"https:\/\/primicias2262.com\/noticias\/wp-json\/wp\/v2\/tags?post=91369"}],"curies":[{"name":"wp","href":"https:\/\/api.w.org\/{rel}","templated":true}]}}