{"id":91371,"date":"2022-07-05T13:01:50","date_gmt":"2022-07-05T16:01:50","guid":{"rendered":"https:\/\/primicias2262.com\/?p=91371"},"modified":"2022-07-05T13:01:50","modified_gmt":"2022-07-05T16:01:50","slug":"designaciones-de-magistrados-hay-11-cargos-sin-cubrir-en-necochea-y-mas-de-700-en-provincia","status":"publish","type":"post","link":"https:\/\/primicias2262.com\/noticias\/designaciones-de-magistrados-hay-11-cargos-sin-cubrir-en-necochea-y-mas-de-700-en-provincia\/","title":{"rendered":"Designaciones de magistrados: hay 11 cargos sin cubrir en Necochea y m\u00e1s de 700 en Provincia"},"content":{"rendered":"<p>\u201cLa suplencia o subrogaci\u00f3n es una excepcionalidad, pero se est\u00e1 convirtiendo en la regla y eso nos asusta mucho\u201d, alertaron a nivel local sobre los cargos vacantes de magistrados.<\/p>\n<p>En \u201cVoces de la Ciudad\u201d, el presidente del Colegio de Abogados de Necochea, Dr. V\u00edctor Pagani, habl\u00f3 sobre la crisis sin precedentes por la ausencia de designaciones de magistrados, al extremo de existir m\u00e1s de 700 cargos sin cubrir en toda la provincia, de lo cual no es ajeno Necochea, donde al d\u00eda de la fecha existen 11 cargos vacantes de distintos fueros: laboral, civil y comercial 1ra y 2da instancia, penal 1ra y 2da instancia, Justicia de Paz, Defensor\u00eda, Asesor\u00eda de Incapaces y Ministerio P\u00fablico Fiscal.<\/p>\n<p>As\u00ed las cosas, el presidente del Colegio local se\u00f1al\u00f3 ante la consulta del periodista Jorge G\u00f3mez que \u201cno es una tem\u00e1tica nueva, pero entendemos que porque no sea nueva no hay que dejar de refrescar e instalarla en la sociedad, porque la soluci\u00f3n definitiva a esta problem\u00e1tica no va a llegar en dos meses ni en seis. Si uno no lo instala y no lo comunica pareciera que se solucion\u00f3, y pasa todo lo contrario\u201d.<\/p>\n<p>Al instante aclar\u00f3 que \u201cpor su naturaleza, el tiempo de designaci\u00f3n de magistrados suele llevar un a\u00f1o o hasta dos, esto se increment\u00f3 con la pandemia y genera en el justiciable una demora que a veces parece incompresible. Lo que no queremos como colegio para cada profesional al que le toca transitar esto todos los d\u00edas que no sea \u00e9l solo el que tenga que dar las explicaciones de la demora al justiciable, porque pareciera que puede ser la demora del profesional (que en algunos casos pasa), pero no es la regla, sino que la regla es que si una audiencia se posterga 8 o 9 meses para finalizar un juicio es por esta din\u00e1mica o problem\u00e1tica que estamos viviendo\u201d.<\/p>\n<p>Por eso, argument\u00f3 Pagani que \u201cnos pareci\u00f3 sumamente importante mantenerlo y lo volveremos a decir las veces que sea necesario porque no es la colegiatura quien designa a los magistrados, y si nosotros no lo ponemos en la agenda pareciera que no es algo urgente\u201d.<\/p>\n<p>En cuanto al procedimiento para las designaciones, el profesional revel\u00f3 que \u201cel procedimiento constitucional es con convocatoria a ex\u00e1menes, (el Poder Ejecutivo de la Provincia debe elevar la propuesta al Senado para la aprobaci\u00f3n), ahora hay unos 300 de esos 700 para que el Ejecutivo eleve el pliego de la persona al Senado para que lo apruebe y los otros m\u00e1s de 400 deben dar los ex\u00e1menes. Todo eso lleva un tiempo considerable y hubo dos a\u00f1os donde no se tomaron ex\u00e1menes\u201d.<\/p>\n<p>Asimismo, \u201cla suplencia o subrogaci\u00f3n implica un esfuerzo duplicado de los magistrados, funcionarios y empleados, y eso no hace a la naturaleza del proceso, y si se atiende a dos juzgados, en realidad se desatiende a uno\u2026 no es lo natural, es una excepcionalidad, pero hoy se est\u00e1 convirtiendo en la regla y eso nos asusta mucho\u201d, concluy\u00f3 el magistrado.<\/p>\n","protected":false},"excerpt":{"rendered":"<p>\u201cLa suplencia o subrogaci\u00f3n es una excepcionalidad, pero se est\u00e1 convirtiendo en la regla y eso nos asusta mucho\u201d, alertaron a nivel local sobre los cargos vacantes de magistrados. En \u201cVoces de la Ciudad\u201d, el presidente del Colegio de Abogados de Necochea, Dr. V\u00edctor Pagani, habl\u00f3 sobre la crisis sin precedentes por la ausencia de [&hellip;]<\/p>\n","protected":false},"author":3,"featured_media":91372,"comment_status":"closed","ping_status":"closed","sticky":false,"template":"","format":"standard","meta":{"footnotes":""},"categories":[3],"tags":[],"class_list":["post-91371","post","type-post","status-publish","format-standard","has-post-thumbnail","category-masnoticias"],"_links":{"self":[{"href":"https:\/\/primicias2262.com\/noticias\/wp-json\/wp\/v2\/posts\/91371","targetHints":{"allow":["GET"]}}],"collection":[{"href":"https:\/\/primicias2262.com\/noticias\/wp-json\/wp\/v2\/posts"}],"about":[{"href":"https:\/\/primicias2262.com\/noticias\/wp-json\/wp\/v2\/types\/post"}],"author":[{"embeddable":true,"href":"https:\/\/primicias2262.com\/noticias\/wp-json\/wp\/v2\/users\/3"}],"replies":[{"embeddable":true,"href":"https:\/\/primicias2262.com\/noticias\/wp-json\/wp\/v2\/comments?post=91371"}],"version-history":[{"count":0,"href":"https:\/\/primicias2262.com\/noticias\/wp-json\/wp\/v2\/posts\/91371\/revisions"}],"wp:attachment":[{"href":"https:\/\/primicias2262.com\/noticias\/wp-json\/wp\/v2\/media?parent=91371"}],"wp:term":[{"taxonomy":"category","embeddable":true,"href":"https:\/\/primicias2262.com\/noticias\/wp-json\/wp\/v2\/categories?post=91371"},{"taxonomy":"post_tag","embeddable":true,"href":"https:\/\/primicias2262.com\/noticias\/wp-json\/wp\/v2\/tags?post=91371"}],"curies":[{"name":"wp","href":"https:\/\/api.w.org\/{rel}","templated":true}]}}