{"id":91374,"date":"2022-07-05T13:10:38","date_gmt":"2022-07-05T16:10:38","guid":{"rendered":"https:\/\/primicias2262.com\/?p=91374"},"modified":"2022-07-05T13:10:38","modified_gmt":"2022-07-05T16:10:38","slug":"llarias-el-peronismo-tiene-que-volver-a-sus-bases-no-viciado-por-el-kirchnerismo","status":"publish","type":"post","link":"https:\/\/primicias2262.com\/noticias\/llarias-el-peronismo-tiene-que-volver-a-sus-bases-no-viciado-por-el-kirchnerismo\/","title":{"rendered":"Llarias: \u201cEl peronismo tiene que volver a sus bases, no viciado por el kirchnerismo\u201d"},"content":{"rendered":"<p>As\u00ed lo enfatiz\u00f3 un veterano del PJ local como el \u201cTurco\u201d H\u00e9ctor Llar\u00edas, quien tras un nuevo aniversario por el fallecimiento de Juan Domingo Per\u00f3n brind\u00f3 varias reflexiones, an\u00e9cdotas y fue muy duro con el presidente Alberto Fern\u00e1ndez.<\/p>\n<p>En el aire de \u201cVoces de la Ciudad\u201d, Llar\u00edas le cont\u00f3 al periodista Jorge G\u00f3mez que escribi\u00f3 un libro que est\u00e1 por imprimir y de all\u00ed revel\u00f3 algunas an\u00e9cdotas: \u201cEs la historia de Per\u00f3n vista de una \u00f3ptica diferente, y releyendo el \u00faltimo cap\u00edtulo vi que Per\u00f3n no quer\u00eda volver al pa\u00eds, ten\u00eda 80 a\u00f1os, estaba enfermo y grande, fumaba much\u00edsimo, pero vino al pa\u00eds porque C\u00e1mpora fracas\u00f3\u2026 el quer\u00eda ser embajador en Europa, pero hab\u00eda escasez de dirigentes como ahora y muchas peleas internas, as\u00ed que vino porque no le quedaba otra\u201d.<\/p>\n<p>Cont\u00f3 tambi\u00e9n Llar\u00edas que ley\u00f3 m\u00e1s de 30 libros sobre Per\u00f3n y afirm\u00f3 que \u201cL\u00f3pez Rega (Jos\u00e9) tuvo mucho que ver en la muerte de Per\u00f3n\u2026 aunque parezca mentira. De hecho, Cr\u00f3nica en 1977 public\u00f3 un art\u00edculo diciendo que era una muerte inducida la de Per\u00f3n\u2026 L\u00f3pez Rega se quer\u00eda quedar con el poder. Con Isabel (Mart\u00ednez de Per\u00f3n) y los secuaces no quer\u00edan el bien de Per\u00f3n, sino quedarse con el pa\u00eds\u201d.<\/p>\n<p>Muestra de ello es que \u201cpor ejemplo, Eladio V\u00e1zquez, un m\u00e9dico, brujo nefasto que quer\u00eda imponer L\u00f3pez Rega, le daba medicamentos no convencionales y le escond\u00edan los remedios a Per\u00f3n\u201d, revel\u00f3, y acto seguido cont\u00f3 una an\u00e9cdota del mismo d\u00eda del fallecimiento, el lunes 1\u00ba de julio de 1974.<\/p>\n<p>\u201cEl \u00faltimo d\u00eda de Per\u00f3n, se levant\u00f3 muy bien, durmi\u00f3 una hora m\u00e1s\u2026 estaba muy mal, pero se levant\u00f3 muy l\u00facido ese d\u00eda, y estando sentado en un sill\u00f3n en Olivos llam\u00f3 a su ministro de Asuntos Jur\u00eddicos y le pregunt\u00f3 delante de L\u00f3pez Rega e Isabel: \u201cyo quiero que a mi muerte me suceda Balb\u00edn (Ricardo, referente de la Uni\u00f3n C\u00edvica Radical), \u00bfc\u00f3mo se puede hacer?\u201d. Pero era imposible jur\u00eddicamente\u2026L\u00f3pez Rega gritaba y no quer\u00eda saber nada, entonces Per\u00f3n la mir\u00f3 a Isabel y le dijo: \u201cCada cosa que hagas, consult\u00e1 con Balb\u00edn\u201d \u2026 pero no le dieron ni pelota\u201d.<\/p>\n<p>En cuanto al d\u00eda de la muerte de Per\u00f3n, Llar\u00edas relat\u00f3 que \u201cestaba en La Plata cuando falleci\u00f3, un lunes al mediod\u00eda, y reci\u00e9n lo pude ver el jueves\u2026 fue una cosa tan triste, hab\u00eda cuadras de cola, llov\u00eda, y cuando llegamos hab\u00eda un colimba en la puerta nos dijo: \u201cV\u00e9anlo a Per\u00f3n y v\u00e1yanse porque se va a armar un despelote b\u00e1rbaro porque ya cerramos\u201d.<\/p>\n<p>Revel\u00f3 tambi\u00e9n que en la escena final de la muerte de Per\u00f3n, \u00e9ste en su lecho de muerte le dec\u00eda al m\u00e9dico que estaba tratando de reanimarlo \u201cno sigas hijo, ya est\u00e1\u201d, y cuando le iban a dar ox\u00edgeno dijo que no, que lo apantallaran\u201d.<\/p>\n<p>Finalmente, Llar\u00edas cerr\u00f3 su experiencia con fuertes declaraciones contra la conducci\u00f3n nacional actual: \u201cHoy creo que no hay partido justicialista, no existe\u2026 hay peronistas, como tampoco existe el partido radical. La pol\u00edtica partidaria se ha hecho como una casta&#8230; creo que tiene que volver a sus bases un Partido Justicialista sano, no viciado por el kirchnerismo, que est\u00e1 lejos del peronismo\u201d.<\/p>\n<p>A\u00f1adi\u00f3 que \u201cverlo a Alberto Fern\u00e1ndez como presidente me da verg\u00fcenza\u2026 \u00e9l se sent\u00eda humillado por Cristina (Fern\u00e1ndez de Kirchner) y ahora esto demuestra que no tiene personalidad\u2026 para m\u00ed se tiene que atender, est\u00e1 loco, no lo bancan ni los kirchneristas. A Cristina no la quiero, pero es una tipa muy capaz\u2026 y siento la ausencia de N\u00e9stor (Kirchner)\u2026 este pa\u00eds hubiera sido distinto con la presencia del Flaco\u201d.<\/p>\n","protected":false},"excerpt":{"rendered":"<p>As\u00ed lo enfatiz\u00f3 un veterano del PJ local como el \u201cTurco\u201d H\u00e9ctor Llar\u00edas, quien tras un nuevo aniversario por el fallecimiento de Juan Domingo Per\u00f3n brind\u00f3 varias reflexiones, an\u00e9cdotas y fue muy duro con el presidente Alberto Fern\u00e1ndez. En el aire de \u201cVoces de la Ciudad\u201d, Llar\u00edas le cont\u00f3 al periodista Jorge G\u00f3mez que escribi\u00f3 [&hellip;]<\/p>\n","protected":false},"author":3,"featured_media":91375,"comment_status":"closed","ping_status":"closed","sticky":false,"template":"","format":"standard","meta":{"footnotes":""},"categories":[3],"tags":[],"class_list":["post-91374","post","type-post","status-publish","format-standard","has-post-thumbnail","category-masnoticias"],"_links":{"self":[{"href":"https:\/\/primicias2262.com\/noticias\/wp-json\/wp\/v2\/posts\/91374","targetHints":{"allow":["GET"]}}],"collection":[{"href":"https:\/\/primicias2262.com\/noticias\/wp-json\/wp\/v2\/posts"}],"about":[{"href":"https:\/\/primicias2262.com\/noticias\/wp-json\/wp\/v2\/types\/post"}],"author":[{"embeddable":true,"href":"https:\/\/primicias2262.com\/noticias\/wp-json\/wp\/v2\/users\/3"}],"replies":[{"embeddable":true,"href":"https:\/\/primicias2262.com\/noticias\/wp-json\/wp\/v2\/comments?post=91374"}],"version-history":[{"count":0,"href":"https:\/\/primicias2262.com\/noticias\/wp-json\/wp\/v2\/posts\/91374\/revisions"}],"wp:attachment":[{"href":"https:\/\/primicias2262.com\/noticias\/wp-json\/wp\/v2\/media?parent=91374"}],"wp:term":[{"taxonomy":"category","embeddable":true,"href":"https:\/\/primicias2262.com\/noticias\/wp-json\/wp\/v2\/categories?post=91374"},{"taxonomy":"post_tag","embeddable":true,"href":"https:\/\/primicias2262.com\/noticias\/wp-json\/wp\/v2\/tags?post=91374"}],"curies":[{"name":"wp","href":"https:\/\/api.w.org\/{rel}","templated":true}]}}