{"id":91380,"date":"2022-07-06T13:36:28","date_gmt":"2022-07-06T16:36:28","guid":{"rendered":"https:\/\/primicias2262.com\/?p=91380"},"modified":"2022-07-06T13:36:28","modified_gmt":"2022-07-06T16:36:28","slug":"se-inauguro-el-samaritano-con-un-emotivo-homenaje-a-lorenzo-gamboa-y-lilian-salvatore-de-perez","status":"publish","type":"post","link":"https:\/\/primicias2262.com\/noticias\/se-inauguro-el-samaritano-con-un-emotivo-homenaje-a-lorenzo-gamboa-y-lilian-salvatore-de-perez\/","title":{"rendered":"Se inaugur\u00f3 \u2018El Samaritano\u2019 con un emotivo homenaje a Lorenzo Gamboa y Lilian Salvatore de P\u00e9rez"},"content":{"rendered":"<p>Tras m\u00e1s de 20 a\u00f1os de lucha y esfuerzo de muchos voluntarios, reabri\u00f3 sus puertas el Hogar de Tr\u00e1nsito \u2018El Samaritano\u2019, en su gran sede de calle 65 entre 64 y 66, donde miembros de la actual comisi\u00f3n directiva y la comunidad brindaron un c\u00e1lido homenaje a los art\u00edfices del lugar Lilian Salvatore de P\u00e9rez y don Lorenzo Gamboa, a trav\u00e9s del descubrimiento de placas en dos salones que llevan su nombre.<\/p>\n<p>La jornada fue muy emotiva, sobre todo cuando dirigieron la palabra Mar\u00eda Luz Gamboa y Oscar P\u00e9rez, c\u00f3nyuges de los fallecidos que fueron homenajeados.<\/p>\n<p>En primer t\u00e9rmino, entre l\u00e1grimas Mar\u00eda Luz expres\u00f3 que \u201cesto empez\u00f3 hace casi 22 a\u00f1os con la primera comisi\u00f3n junto al padre Francisco Ardanaz, donde comenzaron esta hermosa y dif\u00edcil tarea de preparar esto. Hoy lamentablemente Lorenzo no est\u00e1 presente, pero s\u00ed lo est\u00e1 con su esp\u00edritu para El Samaritano. \u00c9l dio su vida para El Samaritano, y cuando lo operaron del coraz\u00f3n estaba pensando en qui\u00e9n iba a barrer El hogar, porque era \u00e9l el encargado de limpiar y dejar todo bonito\u201d.<\/p>\n<p>Agreg\u00f3 que \u201cEspero que hoy est\u00e9s con nosotros y que esto lo contin\u00faen nuestros hijos y nietos, quienes est\u00e1n en la comisi\u00f3n por el fruto de tu trabajo. Gracias por haber puesto el nombre de Lorenzo al sal\u00f3n\u2026 se lo merec\u00eda y mucho\u201d.<\/p>\n<p>En la misma l\u00ednea de emoci\u00f3n, el viudo de Lilian Salvatore, Oscar P\u00e9rez, asegur\u00f3 que \u201cla emoci\u00f3n me gana\u2026 ver esto despu\u00e9s de cuando comenzamos a escribir la historia con esta casona antigua y discutir, es muy fuerte. Era una utop\u00eda, est\u00e1bamos en el a\u00f1o 2000, despu\u00e9s vino la crisis del 2001 pero el coraz\u00f3n y el \u00e1nimo siempre estuvieron presentes en este grupo\u201d.<\/p>\n<p>En ese sentido, resalt\u00f3 el trabajo de los curas Francisco y Alfredo; \u201cde Rodolfo El\u00eda y de tantos que se fueron sumando con el coraz\u00f3n m\u00e1s amplio a dar una mano; y del matrimonio Peralta, que don\u00f3 el predio y la casona para este hermoso proyecto\u201d, para recordar \u201cel trabajo tanto de Lilian como de Lorenzo, pero de todo un grupo que se reun\u00eda y planificaba para llegar a esta historia de hoy con este hermoso sal\u00f3n donde estar\u00e1 el esp\u00edritu de Lorenzo con sus ganas, como tambi\u00e9n Lilian con su \u00edmpetu y su \u2018todo es posible y lo vamos a hacer\u00bb.<\/p>\n<p>\u00abSeguramente los dos estar\u00e1n all\u00e1 arriba bendici\u00e9ndonos e ilumin\u00e1ndonos para que este grupo nuevo que se arm\u00f3 pueda seguir construyendo esto que siempre se pens\u00f3 para la comunidad y para esas personas que no tengan un lugar para pasar puedan ser recibidas con los brazos abiertos\u201d, puntualiz\u00f3.<\/p>\n<p><a href=\"https:\/\/primicias2262.com\/wp-content\/uploads\/2022\/07\/samaritano-5.jpg\"><img loading=\"lazy\" decoding=\"async\" class=\"aligncenter size-full wp-image-91382\" src=\"https:\/\/primicias2262.com\/wp-content\/uploads\/2022\/07\/samaritano-5.jpg\" alt=\"\" width=\"1600\" height=\"1200\" \/><\/a><\/p>\n<p>Asimismo, se destac\u00f3 la presencia tambi\u00e9n del cura p\u00e1rroco de la Iglesia Santa Mar\u00eda del Carmen, Fernando Mendoza, quien bendijo el lugar y manifest\u00f3 que \u201ceste es un d\u00eda de mucha alegr\u00eda para la comunidad de Necochea, un momento muy anhelado, fue como un parto de 22 a\u00f1os, pero las cosas llegan y la raz\u00f3n de ser de este espacio es que contenga gente y sea un pulm\u00f3n de caridad\u201d.<\/p>\n<p>En tanto, el flamante tesorero, Rodrigo Juan, en nombre de la comisi\u00f3n directiva, record\u00f3 a la primera comisi\u00f3n que se form\u00f3 y agradeci\u00f3 a los antecesores, \u201ca Dios por las luz de esperanza de poder reabrir las puertas tras 22 a\u00f1os y empezar los talleres, y especialmente tambi\u00e9n al municipio por brindarnos su apoyo en el \u00faltimo tiempo\u201d.<\/p>\n<p>Precisamente, por la comuna brind\u00f3 unas palabras Romina Annechini, en representaci\u00f3n de Sandra Antenucci por la Secretar\u00eda de Desarrollo Humano, al destacar su agradecimiento \u201cpor permitirnos compartir con ustedes estos momentos tan importantes, son un grupo de gente hermosa que nos recibi\u00f3 con los brazos abiertos y estamos sumamente felices de acompa\u00f1arlos con los talleres y la organizaci\u00f3n del hogar\u201d.<\/p>\n","protected":false},"excerpt":{"rendered":"<p>Tras m\u00e1s de 20 a\u00f1os de lucha y esfuerzo de muchos voluntarios, reabri\u00f3 sus puertas el Hogar de Tr\u00e1nsito \u2018El Samaritano\u2019, en su gran sede de calle 65 entre 64 y 66, donde miembros de la actual comisi\u00f3n directiva y la comunidad brindaron un c\u00e1lido homenaje a los art\u00edfices del lugar Lilian Salvatore de P\u00e9rez [&hellip;]<\/p>\n","protected":false},"author":3,"featured_media":91381,"comment_status":"closed","ping_status":"closed","sticky":false,"template":"","format":"standard","meta":{"footnotes":""},"categories":[3],"tags":[],"class_list":["post-91380","post","type-post","status-publish","format-standard","has-post-thumbnail","category-masnoticias"],"_links":{"self":[{"href":"https:\/\/primicias2262.com\/noticias\/wp-json\/wp\/v2\/posts\/91380","targetHints":{"allow":["GET"]}}],"collection":[{"href":"https:\/\/primicias2262.com\/noticias\/wp-json\/wp\/v2\/posts"}],"about":[{"href":"https:\/\/primicias2262.com\/noticias\/wp-json\/wp\/v2\/types\/post"}],"author":[{"embeddable":true,"href":"https:\/\/primicias2262.com\/noticias\/wp-json\/wp\/v2\/users\/3"}],"replies":[{"embeddable":true,"href":"https:\/\/primicias2262.com\/noticias\/wp-json\/wp\/v2\/comments?post=91380"}],"version-history":[{"count":0,"href":"https:\/\/primicias2262.com\/noticias\/wp-json\/wp\/v2\/posts\/91380\/revisions"}],"wp:attachment":[{"href":"https:\/\/primicias2262.com\/noticias\/wp-json\/wp\/v2\/media?parent=91380"}],"wp:term":[{"taxonomy":"category","embeddable":true,"href":"https:\/\/primicias2262.com\/noticias\/wp-json\/wp\/v2\/categories?post=91380"},{"taxonomy":"post_tag","embeddable":true,"href":"https:\/\/primicias2262.com\/noticias\/wp-json\/wp\/v2\/tags?post=91380"}],"curies":[{"name":"wp","href":"https:\/\/api.w.org\/{rel}","templated":true}]}}