{"id":91384,"date":"2022-07-06T13:38:57","date_gmt":"2022-07-06T16:38:57","guid":{"rendered":"https:\/\/primicias2262.com\/?p=91384"},"modified":"2022-07-06T13:38:57","modified_gmt":"2022-07-06T16:38:57","slug":"usina-la-atencion-al-publico-estara-interrumpida-de-viernes-a-lunes","status":"publish","type":"post","link":"https:\/\/primicias2262.com\/noticias\/usina-la-atencion-al-publico-estara-interrumpida-de-viernes-a-lunes\/","title":{"rendered":"Usina: la atenci\u00f3n al p\u00fablico estar\u00e1 interrumpida de viernes a lunes"},"content":{"rendered":"<p>En el aire de \u201cVoces de la Ciudad\u201d, la presidenta del Consejo de Administraci\u00f3n de la Usina Popular Copperativa, Marta Guariglia, explic\u00f3 que ser\u00e1n cuatro d\u00edas de trabajo en las oficinas, y por lo tanto se retomar\u00e1 la atenci\u00f3n al p\u00fablico reci\u00e9n el venidero martes 12 de julio.<\/p>\n<p>Ante la consulta del periodista Jorge G\u00f3mez, Guariglia confirm\u00f3 que \u201cse viene un cambio de las oficinas comerciales, este viernes 8 y el lunes 11. Est\u00e1 viniendo gente especializada para hacer tareas en el sector y no se podr\u00e1 ingresar al sistema, y por esa raz\u00f3n no se pueden realizar cobros, hacer facturas o tr\u00e1mites\u201d, en referencia al ingreso por avenida 59, casi 42.<\/p>\n<p>Al instante, la m\u00e1xima autoridad de UPC aclar\u00f3 que \u201clo que se est\u00e1 haciendo es una modernizaci\u00f3n del sistema, que ayudar\u00e1 a mejorar la atenci\u00f3n a todos los asociados y tambi\u00e9n las comunicaciones internas\u201d, y \u201clos trabajos se har\u00e1n durante cuatro d\u00edas, comenzar\u00e1n el viernes hasta el lunes\u2026 los empleados vendr\u00e1n igualmente, pero no estar\u00e1 abierto al p\u00fablico\u201d, acot\u00f3.<\/p>\n","protected":false},"excerpt":{"rendered":"<p>En el aire de \u201cVoces de la Ciudad\u201d, la presidenta del Consejo de Administraci\u00f3n de la Usina Popular Copperativa, Marta Guariglia, explic\u00f3 que ser\u00e1n cuatro d\u00edas de trabajo en las oficinas, y por lo tanto se retomar\u00e1 la atenci\u00f3n al p\u00fablico reci\u00e9n el venidero martes 12 de julio. Ante la consulta del periodista Jorge G\u00f3mez, [&hellip;]<\/p>\n","protected":false},"author":3,"featured_media":82458,"comment_status":"closed","ping_status":"closed","sticky":false,"template":"","format":"standard","meta":{"footnotes":""},"categories":[3],"tags":[],"class_list":["post-91384","post","type-post","status-publish","format-standard","has-post-thumbnail","category-masnoticias"],"_links":{"self":[{"href":"https:\/\/primicias2262.com\/noticias\/wp-json\/wp\/v2\/posts\/91384","targetHints":{"allow":["GET"]}}],"collection":[{"href":"https:\/\/primicias2262.com\/noticias\/wp-json\/wp\/v2\/posts"}],"about":[{"href":"https:\/\/primicias2262.com\/noticias\/wp-json\/wp\/v2\/types\/post"}],"author":[{"embeddable":true,"href":"https:\/\/primicias2262.com\/noticias\/wp-json\/wp\/v2\/users\/3"}],"replies":[{"embeddable":true,"href":"https:\/\/primicias2262.com\/noticias\/wp-json\/wp\/v2\/comments?post=91384"}],"version-history":[{"count":0,"href":"https:\/\/primicias2262.com\/noticias\/wp-json\/wp\/v2\/posts\/91384\/revisions"}],"wp:attachment":[{"href":"https:\/\/primicias2262.com\/noticias\/wp-json\/wp\/v2\/media?parent=91384"}],"wp:term":[{"taxonomy":"category","embeddable":true,"href":"https:\/\/primicias2262.com\/noticias\/wp-json\/wp\/v2\/categories?post=91384"},{"taxonomy":"post_tag","embeddable":true,"href":"https:\/\/primicias2262.com\/noticias\/wp-json\/wp\/v2\/tags?post=91384"}],"curies":[{"name":"wp","href":"https:\/\/api.w.org\/{rel}","templated":true}]}}