{"id":91386,"date":"2022-07-06T13:46:03","date_gmt":"2022-07-06T16:46:03","guid":{"rendered":"https:\/\/primicias2262.com\/?p=91386"},"modified":"2022-07-06T13:46:03","modified_gmt":"2022-07-06T16:46:03","slug":"se-anulo-el-fallo-que-interrumpio-el-proyecto-de-obras-del-club-villa-diaz-velez","status":"publish","type":"post","link":"https:\/\/primicias2262.com\/noticias\/se-anulo-el-fallo-que-interrumpio-el-proyecto-de-obras-del-club-villa-diaz-velez\/","title":{"rendered":"Se anul\u00f3 el fallo que interrumpi\u00f3 el proyecto de obras del Club Villa D\u00edaz V\u00e9lez"},"content":{"rendered":"<p><strong><a href=\"https:\/\/primicias2262.com\/wp-content\/uploads\/2021\/08\/Gomez.jpg\"><img loading=\"lazy\" decoding=\"async\" class=\"alignleft size-medium wp-image-80409\" src=\"https:\/\/primicias2262.com\/wp-content\/uploads\/2021\/08\/Gomez-269x300.jpg\" alt=\"\" width=\"269\" height=\"300\" \/><\/a>Por Jorge G\u00f3mez<\/strong><\/p>\n<p>La C\u00e1mara de Apelaci\u00f3n en lo Contencioso Administrativo de Mar del Plata rechaz\u00f3 la medida cautelar -no el fondo de la cuesti\u00f3n que se discute entre las partes- impulsada en su momento por una entidad y una vecina local, circunstancia que a fines del a\u00f1o pasado interrumpi\u00f3 la continuidad de la ejecuci\u00f3n del proyecto autorizado por la Municipalidad de Necochea para que el Club Villa D\u00edaz V\u00e9lez llevase adelante la instalaci\u00f3n y ejecuci\u00f3n de un complejo de deportes, con la presencia de canchas de tenis y de otros servicios, en un sector del Parque Miguel Lillo.<\/p>\n<p>Tal lo conocido en las \u00faltimas horas, aclar\u00e1ndose que de esta manera la aludida entidad deportiva podr\u00e1 proseguir con el desarrollo de su plan de obras en el \u00e1rea por la cual tiene convenio de uso de parte de la comuna local, como as\u00ed que el fondo de la cuesti\u00f3n -requerimientos atinentes al presunto impacto ambiental de la aludida iniciativa en una superficie p\u00fablica que se la considera casi \u201cun descampado\u201d, seg\u00fan se conoci\u00f3- se seguir\u00e1 tramitando en la justicia ordinaria local.<\/p>\n<p>La atinente sentencia est\u00e1 fechada este martes 5 de julio y alude al expediente titulado \u201cAsociaci\u00f3n para la conservaci\u00f3n del Parque-Duhalde Alicia Cristina c\/Escuela de deportes Villa D\u00edaz V\u00e9lez-Municipalidad de Necochea s\/amparo\u201d. Al ser interpuesta la medida cautelar, los trabajos cesaron.<\/p>\n<p>Tal club y la comuna apelaron en su momento esta citada medida justicia, resolviendo la c\u00e1mara marplatense favorablemente al requerimiento de estos. Pero se reitera que no se ha definido el fondo de la cuesti\u00f3n, pese a lo cual la presente instancia habilita a la instituci\u00f3n deportiva a retomar las labores que se interrumpieron en aquella ocasi\u00f3n.<\/p>\n<p>\u201cLa C\u00e1mara hizo lugar los recursos de apelaci\u00f3n interpuestos por el Club y por la Municipalidad de Necochea contra la resoluci\u00f3n que rechaz\u00f3 el pedido de levantamiento de la medida cautelar que prohibi\u00f3 continuar con la ejecuci\u00f3n del proyecto para la instalaci\u00f3n de las canchas de tenis y anexos\u201d, dio cuenta el doctor Alejo Ramallo, abogado del club necochense.<\/p>\n<p>Y este profesional a\u00f1adi\u00f3 que tal C\u00e1mara \u201centendi\u00f3 que asist\u00eda raz\u00f3n a los recurrentes en cuanto consideraron infundada la decisi\u00f3n del magistrado de grado por lo que solicitaron su anulaci\u00f3n, y resolvi\u00f3 declarar la nulidad de la resoluci\u00f3n del juez Ernesto Juliano, de fecha 30 de diciembre de 2021, devolviendo la causa a la instancia de origen -hoy a cargo de la Dra. Mariana Jimenez- a fin de que se expida sobre el pedido de levantamiento de la medida cautelar, superando las falencias puestas de resalto en el apartado II.2.2, esto es una adecuada ponderaci\u00f3n de la evaluaci\u00f3n de impacto ambiental y declaraci\u00f3n de impacto ambiental, y dar traslado a la accionante de dicho pedido de levantamiento\u201d.<\/p>\n<p>\u201cCon lo cual -puntualiz\u00f3 Ramallo- se espera que en los pr\u00f3ximos d\u00edas la doctora Jim\u00e9nez tenga la causa y los elementos para resolver acerca del levantamiento, con el informe y la declaraci\u00f3n de impacto ambiental para su consideraci\u00f3n\u201d.<\/p>\n<p>Y finaliz\u00f3 diciendo, en un escrito recibido en la tarde de este martes, que \u201cdesde el club se esperaba ansiosamente esta resoluci\u00f3n para seguir en el impulso hacia la concreci\u00f3n del proyecto una vez zanjadas estas cuestiones a la luz de los propios informes que avalan, sin m\u00e1s, la factibilidad de las obras\u201d.<\/p>\n","protected":false},"excerpt":{"rendered":"<p>Por Jorge G\u00f3mez La C\u00e1mara de Apelaci\u00f3n en lo Contencioso Administrativo de Mar del Plata rechaz\u00f3 la medida cautelar -no el fondo de la cuesti\u00f3n que se discute entre las partes- impulsada en su momento por una entidad y una vecina local, circunstancia que a fines del a\u00f1o pasado interrumpi\u00f3 la continuidad de la ejecuci\u00f3n [&hellip;]<\/p>\n","protected":false},"author":3,"featured_media":84891,"comment_status":"closed","ping_status":"closed","sticky":false,"template":"","format":"standard","meta":{"footnotes":""},"categories":[3],"tags":[],"class_list":["post-91386","post","type-post","status-publish","format-standard","has-post-thumbnail","category-masnoticias"],"_links":{"self":[{"href":"https:\/\/primicias2262.com\/noticias\/wp-json\/wp\/v2\/posts\/91386","targetHints":{"allow":["GET"]}}],"collection":[{"href":"https:\/\/primicias2262.com\/noticias\/wp-json\/wp\/v2\/posts"}],"about":[{"href":"https:\/\/primicias2262.com\/noticias\/wp-json\/wp\/v2\/types\/post"}],"author":[{"embeddable":true,"href":"https:\/\/primicias2262.com\/noticias\/wp-json\/wp\/v2\/users\/3"}],"replies":[{"embeddable":true,"href":"https:\/\/primicias2262.com\/noticias\/wp-json\/wp\/v2\/comments?post=91386"}],"version-history":[{"count":0,"href":"https:\/\/primicias2262.com\/noticias\/wp-json\/wp\/v2\/posts\/91386\/revisions"}],"wp:attachment":[{"href":"https:\/\/primicias2262.com\/noticias\/wp-json\/wp\/v2\/media?parent=91386"}],"wp:term":[{"taxonomy":"category","embeddable":true,"href":"https:\/\/primicias2262.com\/noticias\/wp-json\/wp\/v2\/categories?post=91386"},{"taxonomy":"post_tag","embeddable":true,"href":"https:\/\/primicias2262.com\/noticias\/wp-json\/wp\/v2\/tags?post=91386"}],"curies":[{"name":"wp","href":"https:\/\/api.w.org\/{rel}","templated":true}]}}