{"id":91388,"date":"2022-07-06T13:51:07","date_gmt":"2022-07-06T16:51:07","guid":{"rendered":"https:\/\/primicias2262.com\/?p=91388"},"modified":"2022-07-06T13:51:07","modified_gmt":"2022-07-06T16:51:07","slug":"hay-que-entender-que-somos-pobres-y-que-todo-se-va-a-agravar-mucho-mas-con-la-inflacion","status":"publish","type":"post","link":"https:\/\/primicias2262.com\/noticias\/hay-que-entender-que-somos-pobres-y-que-todo-se-va-a-agravar-mucho-mas-con-la-inflacion\/","title":{"rendered":"\u201cHay que entender que somos pobres y que todo se va a agravar mucho m\u00e1s con la inflaci\u00f3n\u201d"},"content":{"rendered":"<p>Con altas dosis de iron\u00eda, el economista local, Gabriel V\u00e1zquez, dej\u00f3 un sinf\u00edn de frases que pintan -a su juicio- hacia d\u00f3nde se conduce actualmente el pa\u00eds con las medidas del gobierno nacional, y con un tema que se lleva todos los focos: la inflaci\u00f3n.<\/p>\n<p>En la mesa de \u201cVoces de la Ciudad\u201d, junto al periodista Jorge G\u00f3mez, el licenciado comenz\u00f3 diciendo que \u201ces claro hacia d\u00f3nde vamos, y el lunes pasado se dio la ruptura de un r\u00e9gimen, cuando el Banco Central -ya sin reserva de d\u00f3lares ni siquiera para pagar la energ\u00eda que nunca tendr\u00edamos que haber comprado-, sac\u00f3 una disposici\u00f3n que fue directamente como decir que a partir de hoy se arreglan como puedan y paguen como puedan\u2026 si vos export\u00e1s, s\u00ed o s\u00ed lo liquid\u00e1s al d\u00f3lar oficial (130 pesos argentinos), pero si import\u00e1s manejate como puedas. Eso nadie pudo entenderlo muy bien, y Guzm\u00e1n que lo entendi\u00f3 muy bien, se fue\u201d.<\/p>\n<p>V\u00e1zquez retrat\u00f3 que \u201cel arr\u00e9glense como puedan implica un incremento de precios gigante de la parte privada, y yo lo llamo un \u201cbatacazo\u201d (en referencia a la nueva ministra de Econom\u00eda, Silvina Batakis)\u2026 un batacazo que se viene y en grande. Estamos en un proceso de desmoronamiento y Argentina va hacia una crisis muy grande, aun con la segunda reserva mundial de gas y con los precios internacionales como nunca de los productos que exporta, y entonces es inentendible, o mejor dicho, solo entendible en el marco de este pa\u00eds esquizofr\u00e9nico basado en el esquema de razonamiento del grueso de los pol\u00edticos\u201d.<\/p>\n<p>Sigui\u00f3 esgrimiendo que \u201chay que entender que somos pobres\u2026 m\u00e1s de la mitad de nuestra poblaci\u00f3n es pobre, \u00bfcu\u00e1ndo se van a dar cuenta? Y esta situaci\u00f3n se va agravar mucho m\u00e1s con la inflaci\u00f3n\u201d.<\/p>\n<p>En ese marco, V\u00e1zquez ironiz\u00f3 en sentido figurado (y a su vez real) que \u201ccuando los 167 impuestos a los ricos no le alcanzan para pagar al Estado, empieza el impuesto a los pobres, a sacarle al que no tiene, \u00bfy c\u00f3mo le sac\u00e1s al que no tiene?, a trav\u00e9s de la inflaci\u00f3n. Al pobre que est\u00e1 con lo puesto y con dos manguitos en el bolsillo, lo puesto todav\u00eda no se lo pudiste sacar, pero los dos manguitos se los sac\u00e1s con la inflaci\u00f3n\u00bb.<\/p>\n<p>\u00abLa inflaci\u00f3n es el impuesto a los pobres, por eso todo fen\u00f3meno inflacionario termina con m\u00e1s pobres, porque el que paga la inflaci\u00f3n es el pobre, \u00bfy por qu\u00e9 tenemos inflaci\u00f3n ahora?, porque no te alcanz\u00f3 con los 167 impuestos a los ricos\u201d, enfatiz\u00f3.<\/p>\n<p>\u201cSi vos no termin\u00e1s con la inflaci\u00f3n, vas a tener cada vez m\u00e1s pobres, y Argentina ya tiene muchos pobres. Si dec\u00eds que quer\u00e9s combatir la pobreza, la primera condici\u00f3n obligatoria es no tener inflaci\u00f3n\u201d, explic\u00f3, para ampliar a\u00fan m\u00e1s ir\u00f3nicamente que \u201cnuestros pol\u00edticos tienen el legado econ\u00f3mico de Gabriel Garc\u00eda M\u00e1rquez, que invent\u00f3 el realismo m\u00e1gico como g\u00e9nero literario, donde cualquier cosa es posible: la pared mea al perro o los p\u00e1jaros le tiran a la escopeta\u2026 entonces dentro de ese realismo m\u00e1gico que tienen nuestros pol\u00edticos, creen que la emisi\u00f3n monetaria no genera inflaci\u00f3n, lo tienen metido en su cabeza\u201d.<\/p>\n<p>\u201cCreen que la emisi\u00f3n monetaria no es causante de inflaci\u00f3n, pero cuando no te alcanz\u00f3 con toda la plata que recaudaste de los 167 impuestos distintos a los ricos, pas\u00e1s a robarle todo a los jubilados qued\u00e1ndote con los fondos de la Anses, despu\u00e9s se la rob\u00e1s toda al Banco Central qued\u00e1ndote con las reservas, despu\u00e9s se la ped\u00eds al FMI y a los bonistas, despu\u00e9s se la ped\u00eds a los bancos y cuando todo eso no alcanza ten\u00e9s que emitir billetes: eso es realismo m\u00e1gico, equivale a m\u00e1s pobres, y est\u00e1 universalmente aceptado en econom\u00eda\u201d, advirti\u00f3.<\/p>\n<p>\u201cTenemos una sociedad enferma\u2026 tenemos la segunda reserva mundial de gas y nos vamos a llenar de millones de pobres por no tener gas, por comprarlo a otro pa\u00eds a siete veces el precio que tenemos que pagar, es inentendible\u201d, afirm\u00f3.<\/p>\n","protected":false},"excerpt":{"rendered":"<p>Con altas dosis de iron\u00eda, el economista local, Gabriel V\u00e1zquez, dej\u00f3 un sinf\u00edn de frases que pintan -a su juicio- hacia d\u00f3nde se conduce actualmente el pa\u00eds con las medidas del gobierno nacional, y con un tema que se lleva todos los focos: la inflaci\u00f3n. En la mesa de \u201cVoces de la Ciudad\u201d, junto al [&hellip;]<\/p>\n","protected":false},"author":3,"featured_media":91389,"comment_status":"closed","ping_status":"closed","sticky":false,"template":"","format":"standard","meta":{"footnotes":""},"categories":[3],"tags":[],"class_list":["post-91388","post","type-post","status-publish","format-standard","has-post-thumbnail","category-masnoticias"],"_links":{"self":[{"href":"https:\/\/primicias2262.com\/noticias\/wp-json\/wp\/v2\/posts\/91388","targetHints":{"allow":["GET"]}}],"collection":[{"href":"https:\/\/primicias2262.com\/noticias\/wp-json\/wp\/v2\/posts"}],"about":[{"href":"https:\/\/primicias2262.com\/noticias\/wp-json\/wp\/v2\/types\/post"}],"author":[{"embeddable":true,"href":"https:\/\/primicias2262.com\/noticias\/wp-json\/wp\/v2\/users\/3"}],"replies":[{"embeddable":true,"href":"https:\/\/primicias2262.com\/noticias\/wp-json\/wp\/v2\/comments?post=91388"}],"version-history":[{"count":0,"href":"https:\/\/primicias2262.com\/noticias\/wp-json\/wp\/v2\/posts\/91388\/revisions"}],"wp:attachment":[{"href":"https:\/\/primicias2262.com\/noticias\/wp-json\/wp\/v2\/media?parent=91388"}],"wp:term":[{"taxonomy":"category","embeddable":true,"href":"https:\/\/primicias2262.com\/noticias\/wp-json\/wp\/v2\/categories?post=91388"},{"taxonomy":"post_tag","embeddable":true,"href":"https:\/\/primicias2262.com\/noticias\/wp-json\/wp\/v2\/tags?post=91388"}],"curies":[{"name":"wp","href":"https:\/\/api.w.org\/{rel}","templated":true}]}}