{"id":91403,"date":"2022-07-06T14:37:26","date_gmt":"2022-07-06T17:37:26","guid":{"rendered":"https:\/\/primicias2262.com\/?p=91403"},"modified":"2022-07-06T14:37:26","modified_gmt":"2022-07-06T17:37:26","slug":"comenzo-la-tecnicatura-en-desarrollo-de-aplicaciones-informaticas","status":"publish","type":"post","link":"https:\/\/primicias2262.com\/noticias\/comenzo-la-tecnicatura-en-desarrollo-de-aplicaciones-informaticas\/","title":{"rendered":"Comenz\u00f3 la Tecnicatura en Desarrollo de Aplicaciones Inform\u00e1ticas"},"content":{"rendered":"<p><strong>Con 230 aspirantes a la carrera, la TUDAI inici\u00f3 con su curso nivelatorio de aprobaci\u00f3n obligatoria en la sede Quequ\u00e9n. El intendente Arturo Rojas, quien firm\u00f3 un convenio con la UNICEN hace semanas para que esto se haga realidad y realiz\u00f3 adem\u00e1s una importante inversi\u00f3n, encabez\u00f3 la apertura con un mensaje destinado a los alumnos<\/strong><\/p>\n<p>Con la presencia del intendente Arturo Rojas y con 230 inscriptos, se puso en marcha la Tecnicatura Universitaria en Desarrollo de Aplicaciones Inform\u00e1ticas, que se dicta en la sede Quequ\u00e9n tras el convenio firmado por el propio jefe comunal con el rector de la UNICEN, Marcelo Aba, oportunamente, a trav\u00e9s del cual se invertir\u00e1n desde el Ejecutivo m\u00e1s de 15 millones de pesos.<\/p>\n<p>Puntualmente, la carrera comenz\u00f3 con el curso nivelatorio que se extender\u00e1 por las pr\u00f3ximas cuatro semanas, vacaciones de invierno incluido. El mismo se cursar\u00e1 la mitad de manera presencial y la otra mitad de forma virtual, y los alumnos lo deber\u00e1n aprobar s\u00ed o s\u00ed para empezar a cursar la carrera.<\/p>\n<p>En la ocasi\u00f3n, el Intendente estuvo en el aula principal donde se dirigi\u00f3 a los estudiantes dese\u00e1ndoles lo mejor en su nueva etapa, mientras en otras dos aulas la apertura se estaba siguiendo por el resto del alumnado por pantalla gigante.<\/p>\n<p>Acompa\u00f1aron a Rojas la prosecretaria General de la UNICEN sede Quequ\u00e9n, Marcela Mastrocola y la directora de Educaci\u00f3n municipal, Mariela Cellerino.<\/p>\n","protected":false},"excerpt":{"rendered":"<p>Con 230 aspirantes a la carrera, la TUDAI inici\u00f3 con su curso nivelatorio de aprobaci\u00f3n obligatoria en la sede Quequ\u00e9n. El intendente Arturo Rojas, quien firm\u00f3 un convenio con la UNICEN hace semanas para que esto se haga realidad y realiz\u00f3 adem\u00e1s una importante inversi\u00f3n, encabez\u00f3 la apertura con un mensaje destinado a los alumnos [&hellip;]<\/p>\n","protected":false},"author":3,"featured_media":91404,"comment_status":"closed","ping_status":"closed","sticky":false,"template":"","format":"standard","meta":{"footnotes":""},"categories":[3],"tags":[],"class_list":["post-91403","post","type-post","status-publish","format-standard","has-post-thumbnail","category-masnoticias"],"_links":{"self":[{"href":"https:\/\/primicias2262.com\/noticias\/wp-json\/wp\/v2\/posts\/91403","targetHints":{"allow":["GET"]}}],"collection":[{"href":"https:\/\/primicias2262.com\/noticias\/wp-json\/wp\/v2\/posts"}],"about":[{"href":"https:\/\/primicias2262.com\/noticias\/wp-json\/wp\/v2\/types\/post"}],"author":[{"embeddable":true,"href":"https:\/\/primicias2262.com\/noticias\/wp-json\/wp\/v2\/users\/3"}],"replies":[{"embeddable":true,"href":"https:\/\/primicias2262.com\/noticias\/wp-json\/wp\/v2\/comments?post=91403"}],"version-history":[{"count":0,"href":"https:\/\/primicias2262.com\/noticias\/wp-json\/wp\/v2\/posts\/91403\/revisions"}],"wp:attachment":[{"href":"https:\/\/primicias2262.com\/noticias\/wp-json\/wp\/v2\/media?parent=91403"}],"wp:term":[{"taxonomy":"category","embeddable":true,"href":"https:\/\/primicias2262.com\/noticias\/wp-json\/wp\/v2\/categories?post=91403"},{"taxonomy":"post_tag","embeddable":true,"href":"https:\/\/primicias2262.com\/noticias\/wp-json\/wp\/v2\/tags?post=91403"}],"curies":[{"name":"wp","href":"https:\/\/api.w.org\/{rel}","templated":true}]}}