{"id":91406,"date":"2022-07-07T12:59:52","date_gmt":"2022-07-07T15:59:52","guid":{"rendered":"https:\/\/primicias2262.com\/?p=91406"},"modified":"2022-07-07T12:59:52","modified_gmt":"2022-07-07T15:59:52","slug":"la-municipalidad-llamo-a-licitacion-para-la-nueva-sala-de-monitoreo","status":"publish","type":"post","link":"https:\/\/primicias2262.com\/noticias\/la-municipalidad-llamo-a-licitacion-para-la-nueva-sala-de-monitoreo\/","title":{"rendered":"La Municipalidad llam\u00f3 a licitaci\u00f3n para la nueva sala de monitoreo"},"content":{"rendered":"<p><strong><a href=\"https:\/\/primicias2262.com\/wp-content\/uploads\/2021\/08\/Gomez.jpg\"><img loading=\"lazy\" decoding=\"async\" class=\"alignleft size-medium wp-image-80409\" src=\"https:\/\/primicias2262.com\/wp-content\/uploads\/2021\/08\/Gomez-269x300.jpg\" alt=\"\" width=\"269\" height=\"300\" \/><\/a>Por Jorge G\u00f3mez<\/strong><\/p>\n<p>Con una inversi\u00f3n prevista en 84.000.000 de pesos, partida que exceder\u00e1 el presente ejercicio 2022, la Municipalidad de Necochea realiz\u00f3 en las \u00faltimas horas el llamado a licitaci\u00f3n n\u00famero 18 de este a\u00f1o que tiene como objeto la \u201ccontrataci\u00f3n del servicio integral de monitoreo mediante la recolecci\u00f3n de im\u00e1genes de video y el an\u00e1lisis inteligente de las mismas basados en tecnolog\u00eda IP, e instalaci\u00f3n de centro de monitoreo\u201d.<\/p>\n<p>La fecha y hora de apertura de los sobres de aquellas empresas o personas f\u00edsicas interesadas en participar de esta compulsa tendr\u00e1 lugar el venidero 10 de agosto a partir de las 11 de la ma\u00f1ana en la oficina de Contrataciones y Licitaciones de la comuna local.<br \/>\nY la compra del pertinente pliego, circunstancia que habilitar\u00e1 participar de esta licitaci\u00f3n, se fij\u00f3 con un costo de 50.000 pesos.<\/p>\n<p>La consulta y la adquisici\u00f3n de este expediente se puede realizar a partir de este jueves 7 de julio y hasta el 2 de agosto inclusive, en la aludida oficina de Contrataciones y Licitaciones, situada en el Palacio municipal local.<\/p>\n<p>La mencionada convocatoria qued\u00f3 autorizada en las \u00faltimas horas de acuerdo a los alcances del decreto N\u00ba 1992 que lleva las firmas del intendente Arturo Rojas y de la secretaria de Gobierno, Gabriela G\u00f3ngora.<\/p>\n<p>Se recuerda que la pertinente autorizaci\u00f3n de esta importante inversi\u00f3n cont\u00f3 en su momento con la anuencia del Concejo Deliberante, que aprob\u00f3 por unanimidad la iniciativa promovida e impulsada desde el Departamento Ejecutivo.<\/p>\n<p>La proyecta y moderna sala de monitoreo que se prev\u00e9 instalar tendr\u00e1, en calidad de ampliaci\u00f3n a la existente y de acuerdo a la informaci\u00f3n oficial, 120 c\u00e1maras de control m\u00e1s a las activas, y ocho lectoras de patentes, elementos que estar\u00e1n ubicados en los accesos, en el centro y en otros puntos calificados de \u201cestrat\u00e9gicos\u201d en las ciudades de Necochea y Quequ\u00e9n.<\/p>\n<p>De obtener interesados y cumplidos los requisitos administrativos que corresponden a este tipo de contratos, el futuro concesionario de este servicio de control, de incidencia en la calidad de la seguridad p\u00fablica, tendr\u00e1 un plazo de obra de 120 d\u00edas para el montaje de todo lo comprendido en la convocatoria.<\/p>\n","protected":false},"excerpt":{"rendered":"<p>Por Jorge G\u00f3mez Con una inversi\u00f3n prevista en 84.000.000 de pesos, partida que exceder\u00e1 el presente ejercicio 2022, la Municipalidad de Necochea realiz\u00f3 en las \u00faltimas horas el llamado a licitaci\u00f3n n\u00famero 18 de este a\u00f1o que tiene como objeto la \u201ccontrataci\u00f3n del servicio integral de monitoreo mediante la recolecci\u00f3n de im\u00e1genes de video y [&hellip;]<\/p>\n","protected":false},"author":3,"featured_media":91407,"comment_status":"closed","ping_status":"closed","sticky":false,"template":"","format":"standard","meta":{"footnotes":""},"categories":[3],"tags":[],"class_list":["post-91406","post","type-post","status-publish","format-standard","has-post-thumbnail","category-masnoticias"],"_links":{"self":[{"href":"https:\/\/primicias2262.com\/noticias\/wp-json\/wp\/v2\/posts\/91406","targetHints":{"allow":["GET"]}}],"collection":[{"href":"https:\/\/primicias2262.com\/noticias\/wp-json\/wp\/v2\/posts"}],"about":[{"href":"https:\/\/primicias2262.com\/noticias\/wp-json\/wp\/v2\/types\/post"}],"author":[{"embeddable":true,"href":"https:\/\/primicias2262.com\/noticias\/wp-json\/wp\/v2\/users\/3"}],"replies":[{"embeddable":true,"href":"https:\/\/primicias2262.com\/noticias\/wp-json\/wp\/v2\/comments?post=91406"}],"version-history":[{"count":0,"href":"https:\/\/primicias2262.com\/noticias\/wp-json\/wp\/v2\/posts\/91406\/revisions"}],"wp:attachment":[{"href":"https:\/\/primicias2262.com\/noticias\/wp-json\/wp\/v2\/media?parent=91406"}],"wp:term":[{"taxonomy":"category","embeddable":true,"href":"https:\/\/primicias2262.com\/noticias\/wp-json\/wp\/v2\/categories?post=91406"},{"taxonomy":"post_tag","embeddable":true,"href":"https:\/\/primicias2262.com\/noticias\/wp-json\/wp\/v2\/tags?post=91406"}],"curies":[{"name":"wp","href":"https:\/\/api.w.org\/{rel}","templated":true}]}}