{"id":91409,"date":"2022-07-07T13:02:33","date_gmt":"2022-07-07T16:02:33","guid":{"rendered":"https:\/\/primicias2262.com\/?p=91409"},"modified":"2022-07-07T13:02:33","modified_gmt":"2022-07-07T16:02:33","slug":"la-ley-de-zona-fria-indica-que-el-beneficio-debe-aplicarse-tambien-a-las-garrafas","status":"publish","type":"post","link":"https:\/\/primicias2262.com\/noticias\/la-ley-de-zona-fria-indica-que-el-beneficio-debe-aplicarse-tambien-a-las-garrafas\/","title":{"rendered":"\u00abLa Ley de Zona Fr\u00eda indica que el beneficio debe aplicarse tambi\u00e9n a las garrafas\u00bb"},"content":{"rendered":"<p><strong>As\u00ed lo afirm\u00f3 el diputado nacional tandilense, Alejandro \u201cTopo\u201d Rodr\u00edguez, en el aire de \u201cVoces de la Ciudad\u201d, luego de exigir ante el gobierno nacional que se aplique el descuento por zona fr\u00eda al gas en garrafas, algo que no ha sido todav\u00eda cumplido pero que ya se obtuvo en Provincia de Buenos Aires.<\/strong><\/p>\n<p>Consultado al respecto, Rodr\u00edguez manifest\u00f3 que \u201chace casi un a\u00f1o que se empez\u00f3 a implementar esto y en Necochea m\u00e1s de 40 mil hogares ya tienen el descuento por zona fr\u00eda a trav\u00e9s del gas de red domiciliaria, pero la ley indica que tambi\u00e9n ese beneficio (descuentos del 30% o del 50%) tiene que aplicarse a las garrafas y lo que se denomina como gas envasado\u201d.<\/p>\n<p>Sin embargo, \u201chay muchos sectores de la comunidad de la provincia a quienes no les ha llegado, y el derecho les asiste de la misma manera que aquellos que s\u00ed lo tienen\u201d, notific\u00f3 el diputado, argumentando que \u201cel problema es que la Provincia de Buenos Aires, que es la encargada de garantizar la implementaci\u00f3n de esos descuentos por garrafas o tubos, no termina de implementarlo y ejecutarlo\u201d.<\/p>\n<p>Ante esa falta de puesta en marcha por parte de Provincia, \u201cle he planteado al secretario de Energ\u00eda de la Naci\u00f3n (Dar\u00edo Mart\u00ednez) que nos informe y asegure que esto se vaya a cumplir\u201d, expres\u00f3 Rodr\u00edguez, habida cuenta de que \u201clas necesidades son muchas, la inflaci\u00f3n se est\u00e1 comiendo la capacidad de compra de los jubilados, la clase media trabajadora y los m\u00e1s humildes, y esta es una respuesta que aliviar\u00eda en parte el conjunto de los servicios\u201d.<\/p>\n<p>Asegur\u00f3 a su vez que \u201cesto no es un privilegio, es una necesidad\u201d, y lo justific\u00f3 con estad\u00edsticas: \u201cCuando uno observa el promedio de lo que se consume de gas en un hogar que est\u00e1 en una zona que no es fr\u00eda como la nuestra, se encuentra con que el consumo es de alrededor de 542 metros c\u00fabicos de gas al a\u00f1o, de los cuales utiliza el 33% para calefaccionarse, pero en nuestras regiones de zona fr\u00eda, un hogar consume de promedio 1052 metros c\u00fabicos, pero para calefacci\u00f3n destina el 48%\u201d.<\/p>\n<p>Por ello, \u201cha sido una gran justicia que se haya logrado esto para una lucha muy f\u00e9rrea que dio la comunidad de Necochea y la de tantos municipios, y por lo tanto es una picard\u00eda que faltando el \u00faltimo empuj\u00f3n, la Provincia de Buenos Aires no termine de implementarlo\u201d, afirm\u00f3 Rodr\u00edguez, para concluir sobre el tema que \u201csi tuviere alg\u00fan tipo de conflicto la Provincia con Naci\u00f3n respecto a esto, ser\u00eda importante que lo sepamos, y ojala tengamos una respuesta favorable porque los hogares que lo necesitan lo merecen\u201d.<\/p>\n","protected":false},"excerpt":{"rendered":"<p>As\u00ed lo afirm\u00f3 el diputado nacional tandilense, Alejandro \u201cTopo\u201d Rodr\u00edguez, en el aire de \u201cVoces de la Ciudad\u201d, luego de exigir ante el gobierno nacional que se aplique el descuento por zona fr\u00eda al gas en garrafas, algo que no ha sido todav\u00eda cumplido pero que ya se obtuvo en Provincia de Buenos Aires. Consultado [&hellip;]<\/p>\n","protected":false},"author":3,"featured_media":91410,"comment_status":"closed","ping_status":"closed","sticky":false,"template":"","format":"standard","meta":{"footnotes":""},"categories":[3],"tags":[],"class_list":["post-91409","post","type-post","status-publish","format-standard","has-post-thumbnail","category-masnoticias"],"_links":{"self":[{"href":"https:\/\/primicias2262.com\/noticias\/wp-json\/wp\/v2\/posts\/91409","targetHints":{"allow":["GET"]}}],"collection":[{"href":"https:\/\/primicias2262.com\/noticias\/wp-json\/wp\/v2\/posts"}],"about":[{"href":"https:\/\/primicias2262.com\/noticias\/wp-json\/wp\/v2\/types\/post"}],"author":[{"embeddable":true,"href":"https:\/\/primicias2262.com\/noticias\/wp-json\/wp\/v2\/users\/3"}],"replies":[{"embeddable":true,"href":"https:\/\/primicias2262.com\/noticias\/wp-json\/wp\/v2\/comments?post=91409"}],"version-history":[{"count":0,"href":"https:\/\/primicias2262.com\/noticias\/wp-json\/wp\/v2\/posts\/91409\/revisions"}],"wp:attachment":[{"href":"https:\/\/primicias2262.com\/noticias\/wp-json\/wp\/v2\/media?parent=91409"}],"wp:term":[{"taxonomy":"category","embeddable":true,"href":"https:\/\/primicias2262.com\/noticias\/wp-json\/wp\/v2\/categories?post=91409"},{"taxonomy":"post_tag","embeddable":true,"href":"https:\/\/primicias2262.com\/noticias\/wp-json\/wp\/v2\/tags?post=91409"}],"curies":[{"name":"wp","href":"https:\/\/api.w.org\/{rel}","templated":true}]}}