{"id":91412,"date":"2022-07-07T13:07:51","date_gmt":"2022-07-07T16:07:51","guid":{"rendered":"https:\/\/primicias2262.com\/?p=91412"},"modified":"2022-07-07T13:07:51","modified_gmt":"2022-07-07T16:07:51","slug":"fin-de-semana-con-multiples-actividades-en-el-centro-cultural","status":"publish","type":"post","link":"https:\/\/primicias2262.com\/noticias\/fin-de-semana-con-multiples-actividades-en-el-centro-cultural\/","title":{"rendered":"Fin de semana con m\u00faltiples actividades en el Centro Cultural"},"content":{"rendered":"<p>El Centro Cultural Necochea Biblioteca Popular Andr\u00e9s Ferreyra (CCN\/BPAF) invita a la comunidad a disfrutar de las actividades organizadas para este fin de semana, que comenzar\u00e1n este viernes\u00a0con la <strong>Ecoferia <\/strong>a las 10:00 horas donde habr\u00e1 productos locales y sorteos por el D\u00eda del Amigo.<\/p>\n<p>En el auditorio y a partir de las 19:00, un <strong>nuevo ciclo del Cine del Centro Cultural<\/strong> (C.C.C.) que durante el mes de julio estar\u00e1 dedicado al Cine Negro o Film Noir. Se iniciar\u00e1 con un cl\u00e1sico inoxidable, pel\u00edcula capital dentro de la eclosi\u00f3n del cine negro norteamericano adaptando las formas est\u00e9ticas derivadas del expresionismo alem\u00e1n: <strong>\u201cThe Killers\u201d<\/strong> (1946) de Robert Siodmak, adaptaci\u00f3n libre de un relato breve de Ernest Hemingway.<\/p>\n<p>Y completa el programa a las 20:45 horas un \u201cneo-noir\u201d franc\u00e9s, <strong>\u201cSolo las bestias\u201d<\/strong> de Dominik Moll, que juega con todos los elementos cl\u00e1sicos del g\u00e9nero, combin\u00e1ndolos con tem\u00e1ticas del siglo XXI.<\/p>\n<p>A las <strong>21:30<\/strong> del mismo d\u00eda viernes, el cantautor necochense <strong>Guido Arce<\/strong> dar\u00e1 un <strong>recital<\/strong> en formato de banda en el sal\u00f3n Multiespacio, ubicado en planta baja. El artista presentar\u00e1 canciones de su reciente disco \u201cLa Palabra Viva\u201d y de su repertorio actual.<\/p>\n<p>El <strong>s\u00e1bado 9 de Julio<\/strong>, se festejar\u00e1 el D\u00eda de la Independencia con la <strong>IV Edici\u00f3n de La Cultural Milonga, <\/strong>en el auditorio.<br \/>\nDesde Tandil llegan Delfina Pissani y Diego Mart\u00edn Valero quienes dar\u00e1n dos clases:<\/p>\n<ul>\n<li>19 horas: iniciantes<\/li>\n<li>20:30 horas: intermedios<\/li>\n<\/ul>\n<p>A las 21:30 comenzar\u00e1 La Cultural Milonga momento en que bailar\u00e1n los dos invitados especiales. TDJ Agustina Russo.<\/p>\n<p>Habr\u00e1 degustaci\u00f3n de Lemoncello Artesanal para empezar la noche, y Andr\u00e9s S\u00e1nchez Fotograf\u00eda estar\u00e1 haciendo registros de la noche.<\/p>\n<p><strong>Valor de las entradas: <\/strong><\/p>\n<p>2 Clases + Milonga $800<br \/>\n1 Clase + Milonga $700<br \/>\nMilonga $500<br \/>\nClase $400<\/p>\n<p><strong>Para los ni\u00f1os y ni\u00f1as,<\/strong> el s\u00e1bado a partir de las 15:00 horas, una nueva edici\u00f3n del Ciclo de Talleres pl\u00e1sticos infantiles \u201cMi mundo y yo\u201d. Dictado por Jorgelina Jerez y Ver\u00f3nica Jerez, en el sal\u00f3n Multiespacio. En este encuentro se trabajar\u00e1 bajo el lema \u201cMi lugar favorito\u201d.<\/p>\n","protected":false},"excerpt":{"rendered":"<p>El Centro Cultural Necochea Biblioteca Popular Andr\u00e9s Ferreyra (CCN\/BPAF) invita a la comunidad a disfrutar de las actividades organizadas para este fin de semana, que comenzar\u00e1n este viernes\u00a0con la Ecoferia a las 10:00 horas donde habr\u00e1 productos locales y sorteos por el D\u00eda del Amigo. En el auditorio y a partir de las 19:00, un [&hellip;]<\/p>\n","protected":false},"author":3,"featured_media":91413,"comment_status":"closed","ping_status":"closed","sticky":false,"template":"","format":"standard","meta":{"footnotes":""},"categories":[3],"tags":[],"class_list":["post-91412","post","type-post","status-publish","format-standard","has-post-thumbnail","category-masnoticias"],"_links":{"self":[{"href":"https:\/\/primicias2262.com\/noticias\/wp-json\/wp\/v2\/posts\/91412","targetHints":{"allow":["GET"]}}],"collection":[{"href":"https:\/\/primicias2262.com\/noticias\/wp-json\/wp\/v2\/posts"}],"about":[{"href":"https:\/\/primicias2262.com\/noticias\/wp-json\/wp\/v2\/types\/post"}],"author":[{"embeddable":true,"href":"https:\/\/primicias2262.com\/noticias\/wp-json\/wp\/v2\/users\/3"}],"replies":[{"embeddable":true,"href":"https:\/\/primicias2262.com\/noticias\/wp-json\/wp\/v2\/comments?post=91412"}],"version-history":[{"count":0,"href":"https:\/\/primicias2262.com\/noticias\/wp-json\/wp\/v2\/posts\/91412\/revisions"}],"wp:attachment":[{"href":"https:\/\/primicias2262.com\/noticias\/wp-json\/wp\/v2\/media?parent=91412"}],"wp:term":[{"taxonomy":"category","embeddable":true,"href":"https:\/\/primicias2262.com\/noticias\/wp-json\/wp\/v2\/categories?post=91412"},{"taxonomy":"post_tag","embeddable":true,"href":"https:\/\/primicias2262.com\/noticias\/wp-json\/wp\/v2\/tags?post=91412"}],"curies":[{"name":"wp","href":"https:\/\/api.w.org\/{rel}","templated":true}]}}