{"id":91435,"date":"2022-07-08T10:09:03","date_gmt":"2022-07-08T13:09:03","guid":{"rendered":"https:\/\/primicias2262.com\/?p=91435"},"modified":"2022-07-08T10:09:03","modified_gmt":"2022-07-08T13:09:03","slug":"once-patinadoras-de-huracan-viajan-al-selectivo-para-los-nacionales-de-la-rioja-y-rosario","status":"publish","type":"post","link":"https:\/\/primicias2262.com\/noticias\/once-patinadoras-de-huracan-viajan-al-selectivo-para-los-nacionales-de-la-rioja-y-rosario\/","title":{"rendered":"Once patinadoras de Hurac\u00e1n viajan al selectivo para los Nacionales de La Rioja y Rosario"},"content":{"rendered":"<p><strong>La etapa regional ser\u00e1 este s\u00e1bado en Mar del Plata, donde las dirigidas por Florencia Mart\u00edn buscar\u00e1n acceder a las Copas nacionales \u201cRoberto Rodr\u00edguez\u201d y \u201cErnesto Gonz\u00e1lez Molina\u201d.<\/strong><\/p>\n<p>Tras el desarrollo de tres fechas de la Asociaci\u00f3n Marplatense, un grupo de once competidoras del pat\u00edn art\u00edstico del Club Hurac\u00e1n de Necochea viajan este s\u00e1bado 9 de julio a Mar del Plata para el Torneo Regional Selectivo, a desarrollarse en el Polideportivo Libertad de la vecina ciudad atl\u00e1ntica.<\/p>\n<p>La delegaci\u00f3n del Globito ser\u00e1 encabezada por la t\u00e9cnica nacional, a cargo del pat\u00edn art\u00edstico del club de la Av. 58, Florencia Mart\u00edn, quien inform\u00f3 que el selectivo clasifica a las prestigiosas Copas nacionales \u00abRoberto Rodr\u00edguez\u00bb y \u00abErnesto Gonz\u00e1lez Molina\u00bb, a desarrollarse en La Rioja y Rosario respectivamente, en los meses de septiembre y octubre.<\/p>\n<p><strong>A continuaci\u00f3n, el listados de las 11 patinadoras que van al Selectivo Regional:<\/strong><\/p>\n<p>Agustina Rodr\u00edguez<\/p>\n<p>Candela Cajaravilla<\/p>\n<p>Luana Magno Camacho<\/p>\n<p>Zoe Alberca<\/p>\n<p>Tatiana Rautto<\/p>\n<p>Martina Iphar Garc\u00eda<\/p>\n<p>Ana Sof\u00eda Rasmussen<\/p>\n<p>Naiquen Russo<\/p>\n<p>Eliana Otero<\/p>\n<p>Sof\u00eda Cejas<\/p>\n<p>P\u00eda Zabaleta<\/p>\n","protected":false},"excerpt":{"rendered":"<p>La etapa regional ser\u00e1 este s\u00e1bado en Mar del Plata, donde las dirigidas por Florencia Mart\u00edn buscar\u00e1n acceder a las Copas nacionales \u201cRoberto Rodr\u00edguez\u201d y \u201cErnesto Gonz\u00e1lez Molina\u201d. Tras el desarrollo de tres fechas de la Asociaci\u00f3n Marplatense, un grupo de once competidoras del pat\u00edn art\u00edstico del Club Hurac\u00e1n de Necochea viajan este s\u00e1bado 9 [&hellip;]<\/p>\n","protected":false},"author":3,"featured_media":91436,"comment_status":"closed","ping_status":"closed","sticky":false,"template":"","format":"standard","meta":{"footnotes":""},"categories":[5],"tags":[],"class_list":{"0":"post-91435","1":"post","2":"type-post","3":"status-publish","4":"format-standard","5":"has-post-thumbnail","7":"category-neco"},"_links":{"self":[{"href":"https:\/\/primicias2262.com\/noticias\/wp-json\/wp\/v2\/posts\/91435","targetHints":{"allow":["GET"]}}],"collection":[{"href":"https:\/\/primicias2262.com\/noticias\/wp-json\/wp\/v2\/posts"}],"about":[{"href":"https:\/\/primicias2262.com\/noticias\/wp-json\/wp\/v2\/types\/post"}],"author":[{"embeddable":true,"href":"https:\/\/primicias2262.com\/noticias\/wp-json\/wp\/v2\/users\/3"}],"replies":[{"embeddable":true,"href":"https:\/\/primicias2262.com\/noticias\/wp-json\/wp\/v2\/comments?post=91435"}],"version-history":[{"count":0,"href":"https:\/\/primicias2262.com\/noticias\/wp-json\/wp\/v2\/posts\/91435\/revisions"}],"wp:featuredmedia":[{"embeddable":true,"href":"https:\/\/primicias2262.com\/noticias\/wp-json\/"}],"wp:attachment":[{"href":"https:\/\/primicias2262.com\/noticias\/wp-json\/wp\/v2\/media?parent=91435"}],"wp:term":[{"taxonomy":"category","embeddable":true,"href":"https:\/\/primicias2262.com\/noticias\/wp-json\/wp\/v2\/categories?post=91435"},{"taxonomy":"post_tag","embeddable":true,"href":"https:\/\/primicias2262.com\/noticias\/wp-json\/wp\/v2\/tags?post=91435"}],"curies":[{"name":"wp","href":"https:\/\/api.w.org\/{rel}","templated":true}]}}