{"id":91439,"date":"2022-07-08T10:14:17","date_gmt":"2022-07-08T13:14:17","guid":{"rendered":"https:\/\/primicias2262.com\/?p=91439"},"modified":"2022-07-08T10:14:17","modified_gmt":"2022-07-08T13:14:17","slug":"irurzun-modernizan-el-servicio-de-rayos-y-la-comuna-garantiza-la-atencion-en-el-sector-privado","status":"publish","type":"post","link":"https:\/\/primicias2262.com\/noticias\/irurzun-modernizan-el-servicio-de-rayos-y-la-comuna-garantiza-la-atencion-en-el-sector-privado\/","title":{"rendered":"Irurzun: Modernizan el servicio de rayos y la Comuna garantiza la atenci\u00f3n en el sector privado"},"content":{"rendered":"<p>Dentro del proceso de digitalizaci\u00f3n que lleva adelante el Municipio de todo el servicio de rayos del Hospital Irurzun, y ante versiones surgidas en redes sociales acerca de la situaci\u00f3n del mam\u00f3grafo de dicho nosocomio, es que desde la Secretar\u00eda de Salud municipal, a cargo de Andrea Perestiuk, se informa que dicho proceso ya est\u00e1 en marcha, pero a\u00fan as\u00ed la prestaci\u00f3n del servicio a la comunidad no se ha cortado, sino que se brinda actualmente mediante la contrataci\u00f3n en el sector privado.<\/p>\n<p>En tal sentido, se detall\u00f3 desde Salud que el mam\u00f3grafo requiere la digitalizaci\u00f3n para su pleno funcionamiento, la cual se est\u00e1 llevando adelante a trav\u00e9s del proceso licitatorio correspondiente, a los efectos de lograr la mayor operatividad y calidad en la imagen tan necesaria para los diagn\u00f3sticos requeridos.<\/p>\n<p>No obstante, con el fin de llevar tranquilidad a toda la comunidad, dicha dependencia de la comuna aclar\u00f3 que en simult\u00e1neo al proceso licitatorio, el Estado Municipalgarantiza la prestaci\u00f3n del servicio a trav\u00e9s de efectores privados, contratados bajo la normativa vigente.<\/p>\n","protected":false},"excerpt":{"rendered":"<p>Dentro del proceso de digitalizaci\u00f3n que lleva adelante el Municipio de todo el servicio de rayos del Hospital Irurzun, y ante versiones surgidas en redes sociales acerca de la situaci\u00f3n del mam\u00f3grafo de dicho nosocomio, es que desde la Secretar\u00eda de Salud municipal, a cargo de Andrea Perestiuk, se informa que dicho proceso ya est\u00e1 [&hellip;]<\/p>\n","protected":false},"author":3,"featured_media":80744,"comment_status":"closed","ping_status":"closed","sticky":false,"template":"","format":"standard","meta":{"footnotes":""},"categories":[3],"tags":[],"class_list":["post-91439","post","type-post","status-publish","format-standard","has-post-thumbnail","category-masnoticias"],"_links":{"self":[{"href":"https:\/\/primicias2262.com\/noticias\/wp-json\/wp\/v2\/posts\/91439","targetHints":{"allow":["GET"]}}],"collection":[{"href":"https:\/\/primicias2262.com\/noticias\/wp-json\/wp\/v2\/posts"}],"about":[{"href":"https:\/\/primicias2262.com\/noticias\/wp-json\/wp\/v2\/types\/post"}],"author":[{"embeddable":true,"href":"https:\/\/primicias2262.com\/noticias\/wp-json\/wp\/v2\/users\/3"}],"replies":[{"embeddable":true,"href":"https:\/\/primicias2262.com\/noticias\/wp-json\/wp\/v2\/comments?post=91439"}],"version-history":[{"count":0,"href":"https:\/\/primicias2262.com\/noticias\/wp-json\/wp\/v2\/posts\/91439\/revisions"}],"wp:attachment":[{"href":"https:\/\/primicias2262.com\/noticias\/wp-json\/wp\/v2\/media?parent=91439"}],"wp:term":[{"taxonomy":"category","embeddable":true,"href":"https:\/\/primicias2262.com\/noticias\/wp-json\/wp\/v2\/categories?post=91439"},{"taxonomy":"post_tag","embeddable":true,"href":"https:\/\/primicias2262.com\/noticias\/wp-json\/wp\/v2\/tags?post=91439"}],"curies":[{"name":"wp","href":"https:\/\/api.w.org\/{rel}","templated":true}]}}