{"id":91463,"date":"2022-07-08T14:14:27","date_gmt":"2022-07-08T17:14:27","guid":{"rendered":"https:\/\/primicias2262.com\/?p=91463"},"modified":"2022-07-08T14:14:27","modified_gmt":"2022-07-08T17:14:27","slug":"como-estan-los-mostradores-de-los-almacenes-en-este-marco-economico","status":"publish","type":"post","link":"https:\/\/primicias2262.com\/noticias\/como-estan-los-mostradores-de-los-almacenes-en-este-marco-economico\/","title":{"rendered":"\u00bfC\u00f3mo est\u00e1n los mostradores de los almacenes en este marco econ\u00f3mico?"},"content":{"rendered":"<p>El almacenero local y vecino de la ciudad de Necochea, Jose \u201cPepe\u201d G\u00f3mez, conocido como \u201cel mendocino\u201d, con negocio sobre avenida 59 casi esquina 74, se refiri\u00f3 al valor que exhibe este invierno, y por estos d\u00edas, una garrafa para domicilio.<\/p>\n<p><a href=\"https:\/\/primicias2262.com\/wp-content\/uploads\/2022\/07\/papa-mostrador.jpg\"><img loading=\"lazy\" decoding=\"async\" class=\"alignright size-full wp-image-91464\" src=\"https:\/\/primicias2262.com\/wp-content\/uploads\/2022\/07\/papa-mostrador.jpg\" alt=\"\" width=\"1057\" height=\"969\" \/><\/a>En el aire de \u00abVoces de la ciudad\u00bb dio cuenta que \u201cronda los 800 pesos\u201d y ante el interrogante de cu\u00e1nto podr\u00eda durarle el uso del gas en garrafa a una familia tipo -cuatro personas- pronostic\u00f3 que \u201centre 7 y 8 d\u00edas\u201d, aclarando que si se la utiliza para calefaccionar todo el d\u00eda se reducir\u00eda ese n\u00famero de jornadas.<\/p>\n<p>Entrevistado por el periodista Jorge G\u00f3mez, conductor del citado programa radial e hijo del almacenero, \u201cel mendocino\u201d tambi\u00e9n abord\u00f3 el interrogante sobre la reposici\u00f3n de mercader\u00edas, habida cuenta el contexto suscitado en los \u00faltimos d\u00edas frente a los vaivenes econ\u00f3micos y financieros conocidos.<\/p>\n<p>El comerciante dijo que \u201cla mitad de lo que habitualmente se oferta no hay. (Los proveedores) venden lo que tienen, y lo hacen para no perder, porque adem\u00e1s tienen que cubrir los gastos. Se abren los negocios para que adem\u00e1s no perdamos la clientela\u201d.<\/p>\n<p>Dio cuenta tambi\u00e9n del \u201cdescontento (de la gente) con la situaci\u00f3n actual\u201d, algo que se expresa en el mostrador de su negocio, y coment\u00f3 que \u201cpens\u00e1ndolo bien, no conviene tener abierto por la incertidumbre que muestra la suba de los precios de la mercader\u00eda\u201d.<\/p>\n<p>El \u00faltimo tema que se trat\u00f3 en esta entrevista fue el del \u201cbolsillo de la gente\u201d y sobre c\u00f3mo se halla la situaci\u00f3n econ\u00f3mica de la calle, de los vecinos. Al respecto manifest\u00f3 que \u201choy -por este mi\u00e9rcoles- estamos a d\u00eda 6 (de julio), ya cobraron todos (los que tiene sueldos y trabajo), y son quienes ya fueron a pagar la tarjeta. Y se secaron otra vez\u201d.<\/p>\n","protected":false},"excerpt":{"rendered":"<p>El almacenero local y vecino de la ciudad de Necochea, Jose \u201cPepe\u201d G\u00f3mez, conocido como \u201cel mendocino\u201d, con negocio sobre avenida 59 casi esquina 74, se refiri\u00f3 al valor que exhibe este invierno, y por estos d\u00edas, una garrafa para domicilio. En el aire de \u00abVoces de la ciudad\u00bb dio cuenta que \u201cronda los 800 [&hellip;]<\/p>\n","protected":false},"author":3,"featured_media":91465,"comment_status":"closed","ping_status":"closed","sticky":false,"template":"","format":"standard","meta":{"footnotes":""},"categories":[3],"tags":[],"class_list":["post-91463","post","type-post","status-publish","format-standard","has-post-thumbnail","category-masnoticias"],"_links":{"self":[{"href":"https:\/\/primicias2262.com\/noticias\/wp-json\/wp\/v2\/posts\/91463","targetHints":{"allow":["GET"]}}],"collection":[{"href":"https:\/\/primicias2262.com\/noticias\/wp-json\/wp\/v2\/posts"}],"about":[{"href":"https:\/\/primicias2262.com\/noticias\/wp-json\/wp\/v2\/types\/post"}],"author":[{"embeddable":true,"href":"https:\/\/primicias2262.com\/noticias\/wp-json\/wp\/v2\/users\/3"}],"replies":[{"embeddable":true,"href":"https:\/\/primicias2262.com\/noticias\/wp-json\/wp\/v2\/comments?post=91463"}],"version-history":[{"count":0,"href":"https:\/\/primicias2262.com\/noticias\/wp-json\/wp\/v2\/posts\/91463\/revisions"}],"wp:attachment":[{"href":"https:\/\/primicias2262.com\/noticias\/wp-json\/wp\/v2\/media?parent=91463"}],"wp:term":[{"taxonomy":"category","embeddable":true,"href":"https:\/\/primicias2262.com\/noticias\/wp-json\/wp\/v2\/categories?post=91463"},{"taxonomy":"post_tag","embeddable":true,"href":"https:\/\/primicias2262.com\/noticias\/wp-json\/wp\/v2\/tags?post=91463"}],"curies":[{"name":"wp","href":"https:\/\/api.w.org\/{rel}","templated":true}]}}