{"id":91471,"date":"2022-07-09T16:23:47","date_gmt":"2022-07-09T19:23:47","guid":{"rendered":"https:\/\/primicias2262.com\/?p=91471"},"modified":"2022-07-09T16:23:47","modified_gmt":"2022-07-09T19:23:47","slug":"con-entusiasmo-patriotico-se-realizo-el-acto-del-9-de-julio-en-la-plaza-dardo-rocha","status":"publish","type":"post","link":"https:\/\/primicias2262.com\/noticias\/con-entusiasmo-patriotico-se-realizo-el-acto-del-9-de-julio-en-la-plaza-dardo-rocha\/","title":{"rendered":"Con entusiasmo patri\u00f3tico, se realiz\u00f3 el acto del 9 de Julio en la Plaza Dardo Rocha"},"content":{"rendered":"<p><strong>El intendente Arturo Rojas asegur\u00f3 en su discurso que hoy, dada la coyuntura social, \u201ces trascendental continuar con los valores de aquellos patriotas que pensaron en el desarrollo de la Naci\u00f3n, sin dejar de lado las discusiones que hay que dar\u201d. Se enton\u00f3 el himno y se bail\u00f3 el tradicional Peric\u00f3n, todo con el marco de las banderas de ceremonia.<\/strong><\/p>\n<p>En las palabras alusivas a la fecha, el jefe comunal se\u00f1al\u00f3 que \u201cese hecho hist\u00f3rico que se dio el 9 de julio de 1816 fue muy importante para nuestra Patria\u201d para recordar que\u201c eso no se dio de manera f\u00e1cil, sino que hubo encuentros y desencuentros, pero luego de un largo proceso hist\u00f3rico que hab\u00eda comenzado antes, y de muchas deliberaciones por parte de los diputados de entonces de las diferentes regiones, todos lograron ponerse de acuerdo en esto que fue fundamental para el comienzo de una Argentina libre, independiente y soberana\u201d.<\/p>\n<p><a href=\"https:\/\/primicias2262.com\/wp-content\/uploads\/2022\/07\/9-de-julio.jpg\"><img loading=\"lazy\" decoding=\"async\" class=\"aligncenter size-full wp-image-91476\" src=\"https:\/\/primicias2262.com\/wp-content\/uploads\/2022\/07\/9-de-julio.jpg\" alt=\"\" width=\"1080\" height=\"821\" \/><\/a>\u201cEse hito hist\u00f3rico hace que hoy nos interpele y tengamos que reflexionar todos los que conformamos esta comunidad, desde el lugar que nos toca, pero en primer lugar debemos hacerlo los que tenemos la responsabilidad pol\u00edtica\u201d ampli\u00f3 el jefe comunal, al tiempo que puso de relieve que \u201choy el tiempo amerita ese consenso por las dificultades que estamos pasando en el pa\u00eds, y a pesar de las diferencias que podemos tener los dirigentes es trascendental continuar con los valores de aquellos patriotas que pensaron en el desarrollo de la Naci\u00f3n, sin dejar de lado las discusiones que hay que dar\u201d.<\/p>\n<p>Para cerrar, Rojas, quien estuvo acompa\u00f1ado por funcionarios y concejales, hizo hincapi\u00e9 en la educaci\u00f3n \u201cporque un pa\u00eds sin educaci\u00f3n de calidad es imposible que pueda crecer, y en ese sentido hoy tenemos que pensar porqu\u00e9 tenemos tanta deserci\u00f3n escolar, y en definitiva es un gran desaf\u00edo que tenemos por delante a mejorar\u201d.<\/p>\n","protected":false},"excerpt":{"rendered":"<p>El intendente Arturo Rojas asegur\u00f3 en su discurso que hoy, dada la coyuntura social, \u201ces trascendental continuar con los valores de aquellos patriotas que pensaron en el desarrollo de la Naci\u00f3n, sin dejar de lado las discusiones que hay que dar\u201d. Se enton\u00f3 el himno y se bail\u00f3 el tradicional Peric\u00f3n, todo con el marco [&hellip;]<\/p>\n","protected":false},"author":3,"featured_media":91477,"comment_status":"closed","ping_status":"closed","sticky":false,"template":"","format":"standard","meta":{"footnotes":""},"categories":[3],"tags":[],"class_list":["post-91471","post","type-post","status-publish","format-standard","has-post-thumbnail","category-masnoticias"],"_links":{"self":[{"href":"https:\/\/primicias2262.com\/noticias\/wp-json\/wp\/v2\/posts\/91471","targetHints":{"allow":["GET"]}}],"collection":[{"href":"https:\/\/primicias2262.com\/noticias\/wp-json\/wp\/v2\/posts"}],"about":[{"href":"https:\/\/primicias2262.com\/noticias\/wp-json\/wp\/v2\/types\/post"}],"author":[{"embeddable":true,"href":"https:\/\/primicias2262.com\/noticias\/wp-json\/wp\/v2\/users\/3"}],"replies":[{"embeddable":true,"href":"https:\/\/primicias2262.com\/noticias\/wp-json\/wp\/v2\/comments?post=91471"}],"version-history":[{"count":0,"href":"https:\/\/primicias2262.com\/noticias\/wp-json\/wp\/v2\/posts\/91471\/revisions"}],"wp:attachment":[{"href":"https:\/\/primicias2262.com\/noticias\/wp-json\/wp\/v2\/media?parent=91471"}],"wp:term":[{"taxonomy":"category","embeddable":true,"href":"https:\/\/primicias2262.com\/noticias\/wp-json\/wp\/v2\/categories?post=91471"},{"taxonomy":"post_tag","embeddable":true,"href":"https:\/\/primicias2262.com\/noticias\/wp-json\/wp\/v2\/tags?post=91471"}],"curies":[{"name":"wp","href":"https:\/\/api.w.org\/{rel}","templated":true}]}}