{"id":91479,"date":"2022-07-09T17:01:40","date_gmt":"2022-07-09T20:01:40","guid":{"rendered":"https:\/\/primicias2262.com\/?p=91479"},"modified":"2022-07-09T17:01:40","modified_gmt":"2022-07-09T20:01:40","slug":"terminal-de-omnibus-mejoran-instalaciones-y-habilitan-servicios-a-los-usuarios","status":"publish","type":"post","link":"https:\/\/primicias2262.com\/noticias\/terminal-de-omnibus-mejoran-instalaciones-y-habilitan-servicios-a-los-usuarios\/","title":{"rendered":"Terminal de \u00d3mnibus: mejoran instalaciones y habilitan servicios a los usuarios"},"content":{"rendered":"<p>La directora de Concesiones de la Municipalidad, Ver\u00f3nica Dones, explic\u00f3 las obras que se realizan actualmente en el edificio de la Terminal de \u00d3mnibus, que hace algunos meses est\u00e1 en manos de la comuna, mientras se planifica una reforma integral junto a Naci\u00f3n y Provincia para m\u00e1s adelante.<\/p>\n<p>En el aire de \u201cVoces de la Ciudad\u201d, la funcionaria -que este viernes recorri\u00f3 las instalaciones junto a la secretaria de Gobierno, Gabriela G\u00f3ngora- record\u00f3 que \u201chace unos meses se tom\u00f3 posesi\u00f3n luego de que se dio de baja a la Cooperativa 25 de mayo, que ten\u00eda la concesi\u00f3n durante a\u00f1os pero se le quit\u00f3 por el estado que tiene la Terminal y que todos conocen, y por lo tanto hoy el Estado Municipal est\u00e1 a cargo de la Terminal\u201d.<\/p>\n<p>Acto seguido, asegur\u00f3 que \u201cel intendente (Arturo Rojas) est\u00e1 en tratativas con Naci\u00f3n y Provincia para poder hacer una reforma integral y profunda en la terminal, pero mientras tanto tenemos que ir mejorando las instalaciones y prestando servicios a la gente\u201d.<\/p>\n<p>En ese sentido, afirm\u00f3 que \u201cestamos todos abocados desde Gobierno a darle una mejora a la Terminal y mientras esperamos la obra de infraestructura que necesitamos, hoy estamos en un proceso de iluminaci\u00f3n y pintura, y puesta en funcionamiento de una caldera para que la gente est\u00e9 calentita en invierno. La idea es ponerla en condiciones lo antes posible para las vacaciones de invierno, y ya despu\u00e9s hacer un mejor trabajo de cara a la temporada siguiente\u201d.<\/p>\n<p>Incluso, anticip\u00f3 que \u201cuna vez que est\u00e9 la puesta en valor de la parte interna de la Terminal, la idea tambi\u00e9n es llevar una oficina de la Municipalidad para que haya presencia las 24 horas, que hoy no lo hay; con la idea de que haya un control del movimiento de toda la Terminal e incluso, ofrecer servicios, que pueden ser vinculados a Turismo, aunque a\u00fan lo estamos evaluando\u201d.<\/p>\n<p>Mientras tanto, \u201clas cafeter\u00edas est\u00e1n operativas y se est\u00e1 tratando de mejorar todas las instalaciones de la terminal, por ejemplo, se est\u00e1 haciendo tambi\u00e9n el mejoramiento de los ba\u00f1os para que queden listos de cara a las vacaciones de invierno\u201d, culmin\u00f3 Dones.<\/p>\n","protected":false},"excerpt":{"rendered":"<p>La directora de Concesiones de la Municipalidad, Ver\u00f3nica Dones, explic\u00f3 las obras que se realizan actualmente en el edificio de la Terminal de \u00d3mnibus, que hace algunos meses est\u00e1 en manos de la comuna, mientras se planifica una reforma integral junto a Naci\u00f3n y Provincia para m\u00e1s adelante. En el aire de \u201cVoces de la [&hellip;]<\/p>\n","protected":false},"author":3,"featured_media":91480,"comment_status":"closed","ping_status":"closed","sticky":false,"template":"","format":"standard","meta":{"footnotes":""},"categories":[3],"tags":[],"class_list":["post-91479","post","type-post","status-publish","format-standard","has-post-thumbnail","category-masnoticias"],"_links":{"self":[{"href":"https:\/\/primicias2262.com\/noticias\/wp-json\/wp\/v2\/posts\/91479","targetHints":{"allow":["GET"]}}],"collection":[{"href":"https:\/\/primicias2262.com\/noticias\/wp-json\/wp\/v2\/posts"}],"about":[{"href":"https:\/\/primicias2262.com\/noticias\/wp-json\/wp\/v2\/types\/post"}],"author":[{"embeddable":true,"href":"https:\/\/primicias2262.com\/noticias\/wp-json\/wp\/v2\/users\/3"}],"replies":[{"embeddable":true,"href":"https:\/\/primicias2262.com\/noticias\/wp-json\/wp\/v2\/comments?post=91479"}],"version-history":[{"count":0,"href":"https:\/\/primicias2262.com\/noticias\/wp-json\/wp\/v2\/posts\/91479\/revisions"}],"wp:attachment":[{"href":"https:\/\/primicias2262.com\/noticias\/wp-json\/wp\/v2\/media?parent=91479"}],"wp:term":[{"taxonomy":"category","embeddable":true,"href":"https:\/\/primicias2262.com\/noticias\/wp-json\/wp\/v2\/categories?post=91479"},{"taxonomy":"post_tag","embeddable":true,"href":"https:\/\/primicias2262.com\/noticias\/wp-json\/wp\/v2\/tags?post=91479"}],"curies":[{"name":"wp","href":"https:\/\/api.w.org\/{rel}","templated":true}]}}