{"id":91488,"date":"2022-07-09T18:52:36","date_gmt":"2022-07-09T21:52:36","guid":{"rendered":"https:\/\/primicias2262.com\/?p=91488"},"modified":"2022-07-09T18:52:36","modified_gmt":"2022-07-09T21:52:36","slug":"la-deuda-interna-sera-seguramente-la-mayor-preocupacion-de-batakis","status":"publish","type":"post","link":"https:\/\/primicias2262.com\/noticias\/la-deuda-interna-sera-seguramente-la-mayor-preocupacion-de-batakis\/","title":{"rendered":"\u00abLa deuda interna ser\u00e1 seguramente la mayor preocupacion de Batakis\u00bb"},"content":{"rendered":"<p>As\u00ed lo expres\u00f3 el dirigente de Peronismo que Viene, Roberto G\u00f3mez, al argumentar que \u201cla interna es una deuda m\u00e1s importante, y tiene que ver con la situaci\u00f3n de la desocupaci\u00f3n, el aumento de la pobreza y la marginalidad\u201d, se\u00f1alando que el ministro de Econom\u00eda saliente, Mart\u00edn Guzm\u00e1n, estaba m\u00e1s preocupado por el d\u00e9ficit fiscal.<\/p>\n<p>G\u00f3mez fue entrevistado por el periodista Alejandro S\u00e1nchez en el programa \u201cUn tipo al mediod\u00eda\u201d, donde se le pregunt\u00f3 directamente al dirigente peronista local c\u00f3mo hab\u00eda tomado la asunci\u00f3n de Silvina Batakis al frente del ministerio Nacional de Econom\u00eda, a quien acompa\u00f1aron en su momento como precandidata a gobernadora en 2018.<\/p>\n<p>\u201cEs una alegr\u00eda para nosotros que Silvina llegue al Ministerio de Econom\u00eda por el trabajo que ha hecho, porque es muy estudiosa y capaz, y tiene clara las ideas y las cosas que hay que hacer, m\u00e1s all\u00e1 de este momento complejo de la econom\u00eda y de la pol\u00edtica nacional\u201d, indic\u00f3 G\u00f3mez al inicio, lamentando de todos modos que \u201cuna vez que aparece un ministro que ven\u00eda haciendo las cosas bien (por Guzm\u00e1n), se va de mala manera, un s\u00e1bado renunciando por twitter en el medio del discurso de la vicepresidenta de la Naci\u00f3n (Cristina Fern\u00e1ndez)\u201d.<\/p>\n<p>Pero m\u00e1s all\u00e1 de eso, \u201ces una alegr\u00eda que hayan elegido a Silvina Batakis por consenso, lo que le da a ella la posibilidad de trabajar tranquila con todo el respaldo del gobierno nacional\u201d, resalt\u00f3 el dirigente, recapitulando al instante que la funcionaria estuvo varias veces en Necochea, algunas como ministra de Econom\u00eda de la Provincia de Buenos Aires, y despu\u00e9s particip\u00f3 con nosotros de un plenario que se hizo en el predio de Camioneros en 2018. Hubo mucho trabajo con el tema del presupuesto de Necochea con la Provincia, nos ayud\u00f3 mucho y entend\u00edamos que era una buena opci\u00f3n como precandidata a gobernadora, la acompa\u00f1amos ac\u00e1 y en la Quinta Secci\u00f3n Electoral\u201d.<\/p>\n<p>Por consiguiente, G\u00f3mez asegur\u00f3 que \u201ctengo muy buenas expectativas con Silvina, hay que darle una semana o diez d\u00edas hasta que se estabilicen las variables. Hoy hay un mercado que es el del D\u00f3lar Blue, que influye en la opini\u00f3n y en la determinaci\u00f3n de los precios, que ante un cambio de ministro siempre hay especulaci\u00f3n, y lamentablemente se llevan todos los precios al d\u00f3lar. El Blue lleg\u00f3 casi a 300 pesos pero en el mismo d\u00eda baj\u00f3 a 260, lo que te marca que es una cuesti\u00f3n especulativa moment\u00e1nea\u201d.<\/p>\n<p>Ampli\u00f3, asimismo, que \u201cotras cosas que ha dicho y que son muy importantes es que se va a mantener el acuerdo con el Fondo Monetario Internacional; se va a seguir adelante con el proyecto econ\u00f3mico en general que ven\u00eda gestando Guzm\u00e1n y creo que ella le va a dar impronta a lo que es el mercado interno\u201d.<\/p>\n<p>Al respecto, remarc\u00f3 que \u201cnosotros decimos que adem\u00e1s de la externa hay una deuda m\u00e1s importante que es la interna, que es la situaci\u00f3n de la desocupaci\u00f3n, el aumento de la pobreza y la marginalidad, y creo que ella le va a prestar especial atenci\u00f3n a eso y le va a dar una menor importancia a la cuesti\u00f3n del d\u00e9ficit fiscal, cosa en la que Guzm\u00e1n estaba muy preocupado y ocupado. Pero creo que ella va a priorizar otras variables, dijo que no s\u00f3lo hay que tener en cuenta los gastos, sino tambi\u00e9n los ingresos, como en cualquier econom\u00eda\u201d.<\/p>\n<p>En cuanto a esto \u00faltimo, argument\u00f3 que \u201cel Fondo Monetario y los economistas m\u00e1s tradicionales y neoliberales nos plantean que hay que hacer un ajuste, que hay que achicar jubilaciones y bajar los planes sociales, pero Silvina dijo muy claro que se puede mejorar tambi\u00e9n la recaudaci\u00f3n. Mejorando los ingresos no es necesario ajustar, de esa manera mejor\u00e1s la econom\u00eda y los salarios\u2026 esa es otra variable que ella tendr\u00e1 en cuenta\u201d.<\/p>\n<p>\u201cEsperamos que con la gesti\u00f3n de ella mejore la situaci\u00f3n econ\u00f3mica, despu\u00e9s de estos d\u00edas de inestabilidad se van a acomodar las variables, pero hay que estar muy atentos a que no se especule ni aumente los precios sin ning\u00fan sentido\u201d, concluy\u00f3 G\u00f3mez.<\/p>\n","protected":false},"excerpt":{"rendered":"<p>As\u00ed lo expres\u00f3 el dirigente de Peronismo que Viene, Roberto G\u00f3mez, al argumentar que \u201cla interna es una deuda m\u00e1s importante, y tiene que ver con la situaci\u00f3n de la desocupaci\u00f3n, el aumento de la pobreza y la marginalidad\u201d, se\u00f1alando que el ministro de Econom\u00eda saliente, Mart\u00edn Guzm\u00e1n, estaba m\u00e1s preocupado por el d\u00e9ficit fiscal. [&hellip;]<\/p>\n","protected":false},"author":3,"featured_media":91489,"comment_status":"closed","ping_status":"closed","sticky":false,"template":"","format":"standard","meta":{"footnotes":""},"categories":[3],"tags":[],"class_list":["post-91488","post","type-post","status-publish","format-standard","has-post-thumbnail","category-masnoticias"],"_links":{"self":[{"href":"https:\/\/primicias2262.com\/noticias\/wp-json\/wp\/v2\/posts\/91488","targetHints":{"allow":["GET"]}}],"collection":[{"href":"https:\/\/primicias2262.com\/noticias\/wp-json\/wp\/v2\/posts"}],"about":[{"href":"https:\/\/primicias2262.com\/noticias\/wp-json\/wp\/v2\/types\/post"}],"author":[{"embeddable":true,"href":"https:\/\/primicias2262.com\/noticias\/wp-json\/wp\/v2\/users\/3"}],"replies":[{"embeddable":true,"href":"https:\/\/primicias2262.com\/noticias\/wp-json\/wp\/v2\/comments?post=91488"}],"version-history":[{"count":0,"href":"https:\/\/primicias2262.com\/noticias\/wp-json\/wp\/v2\/posts\/91488\/revisions"}],"wp:attachment":[{"href":"https:\/\/primicias2262.com\/noticias\/wp-json\/wp\/v2\/media?parent=91488"}],"wp:term":[{"taxonomy":"category","embeddable":true,"href":"https:\/\/primicias2262.com\/noticias\/wp-json\/wp\/v2\/categories?post=91488"},{"taxonomy":"post_tag","embeddable":true,"href":"https:\/\/primicias2262.com\/noticias\/wp-json\/wp\/v2\/tags?post=91488"}],"curies":[{"name":"wp","href":"https:\/\/api.w.org\/{rel}","templated":true}]}}