{"id":91520,"date":"2022-07-10T17:46:45","date_gmt":"2022-07-10T20:46:45","guid":{"rendered":"https:\/\/primicias2262.com\/?p=91520"},"modified":"2022-07-10T17:46:45","modified_gmt":"2022-07-10T20:46:45","slug":"turismo-en-medio-de-la-crisis-la-gente-sigue-consultando-y-viajando","status":"publish","type":"post","link":"https:\/\/primicias2262.com\/noticias\/turismo-en-medio-de-la-crisis-la-gente-sigue-consultando-y-viajando\/","title":{"rendered":"Turismo en medio de la crisis: \u201cLa gente sigue consultando y viajando\u201d"},"content":{"rendered":"<p><strong>As\u00ed lo defini\u00f3 la titular de Sovia Viajes en Necochea, Gabriela Soto, durante una nota realizada en \u201cVoces de la Ciudad\u201d por el periodista Jorge G\u00f3mez.<\/strong><\/p>\n<p>Consultada por la semana movida desde lo econ\u00f3mico y la crisis que afecta a todos los rubros, la empresaria se\u00f1al\u00f3 que \u201cen el turismo tenemos momentos de incertidumbre, pero esto es d\u00eda a d\u00eda y tenemos mucha fe de que va a salir adelante, la gente sigue consultando y viajando, los viajes no se han cortado, es m\u00e1s, la gente tiene m\u00e1s ganas de viajar todav\u00eda\u201d.<\/p>\n<p>Sovia Viajes se encuentra en calle 66 N\u00ba 2936, donde se trabaja mucho el turismo nacional y tambi\u00e9n hay paquetes para el exterior, y si bien las restricciones actuales hacen mella, Soto manifest\u00f3 que \u201cdespu\u00e9s de la pandemia las personas tienen m\u00e1s inter\u00e9s en viajar y el que tal vez guardaba el dinero ya no se lo guarda, viaja y lo disfruta. Eso lo produjo la pandemia, y una vez que abrieron las fronteras la gente empez\u00f3 a viajar, a ver amigos y familias\u201d.<\/p>\n<p>De hecho, \u201cpara vacaciones de invierno si uno quiere viajar ya no hay lugar para ning\u00fan lado, tanto en Argentina como el exterior ya no hay nada\u2026 y lo que hay es obvio que los precios son otros\u201d, inform\u00f3, dejando entrever que respecto al a\u00f1o anterior la gente viaja m\u00e1s porque ya no hay tantas restricciones: \u201cAntes se pon\u00edan trabas de PCR, vacunas o declaraciones juradas que se han sacado y por eso se viaja m\u00e1s\u201d.<\/p>\n<p>En tanto, con una mirada al mediano plazo, para el verano, contextualiz\u00f3 que \u201cest\u00e1n todos expectantes con el Previaje a mediados de julio, para viajar desde septiembre a primeros d\u00edas de diciembre, entonces hay familias que no salen en vacaciones de invierno y esperan el Previaje para la temporada, lo cual el a\u00f1o pasado tuvo mucho \u00e9xito y este va a ser lo mismo\u201d.<\/p>\n","protected":false},"excerpt":{"rendered":"<p>As\u00ed lo defini\u00f3 la titular de Sovia Viajes en Necochea, Gabriela Soto, durante una nota realizada en \u201cVoces de la Ciudad\u201d por el periodista Jorge G\u00f3mez. Consultada por la semana movida desde lo econ\u00f3mico y la crisis que afecta a todos los rubros, la empresaria se\u00f1al\u00f3 que \u201cen el turismo tenemos momentos de incertidumbre, pero [&hellip;]<\/p>\n","protected":false},"author":3,"featured_media":91521,"comment_status":"closed","ping_status":"closed","sticky":false,"template":"","format":"standard","meta":{"footnotes":""},"categories":[3],"tags":[],"class_list":["post-91520","post","type-post","status-publish","format-standard","has-post-thumbnail","category-masnoticias"],"_links":{"self":[{"href":"https:\/\/primicias2262.com\/noticias\/wp-json\/wp\/v2\/posts\/91520","targetHints":{"allow":["GET"]}}],"collection":[{"href":"https:\/\/primicias2262.com\/noticias\/wp-json\/wp\/v2\/posts"}],"about":[{"href":"https:\/\/primicias2262.com\/noticias\/wp-json\/wp\/v2\/types\/post"}],"author":[{"embeddable":true,"href":"https:\/\/primicias2262.com\/noticias\/wp-json\/wp\/v2\/users\/3"}],"replies":[{"embeddable":true,"href":"https:\/\/primicias2262.com\/noticias\/wp-json\/wp\/v2\/comments?post=91520"}],"version-history":[{"count":0,"href":"https:\/\/primicias2262.com\/noticias\/wp-json\/wp\/v2\/posts\/91520\/revisions"}],"wp:attachment":[{"href":"https:\/\/primicias2262.com\/noticias\/wp-json\/wp\/v2\/media?parent=91520"}],"wp:term":[{"taxonomy":"category","embeddable":true,"href":"https:\/\/primicias2262.com\/noticias\/wp-json\/wp\/v2\/categories?post=91520"},{"taxonomy":"post_tag","embeddable":true,"href":"https:\/\/primicias2262.com\/noticias\/wp-json\/wp\/v2\/tags?post=91520"}],"curies":[{"name":"wp","href":"https:\/\/api.w.org\/{rel}","templated":true}]}}