{"id":91525,"date":"2022-07-10T17:50:14","date_gmt":"2022-07-10T20:50:14","guid":{"rendered":"https:\/\/primicias2262.com\/?p=91525"},"modified":"2022-07-10T17:50:14","modified_gmt":"2022-07-10T20:50:14","slug":"el-coro-altamira-en-campana-para-la-venta-de-un-guiso-de-lentejas","status":"publish","type":"post","link":"https:\/\/primicias2262.com\/noticias\/el-coro-altamira-en-campana-para-la-venta-de-un-guiso-de-lentejas\/","title":{"rendered":"El Coro Altamira en campa\u00f1a para la venta de un guiso de lentejas"},"content":{"rendered":"<p><strong>Se concretar\u00e1 el s\u00e1bado 16 de julio. La preventa estar\u00e1 habilitada hasta el martes 12<\/strong><\/p>\n<p>Maria Nelly Merlo, integrante del Coro Altamira de Necochea, fue entrevistada para el programa de radio matutino Voces de la Ciudad, promocionando la venta de porciones de de guiso de lentejas que aquella agrupaci\u00f3n llevar\u00e1 adelante el s\u00e1bado 16 de julio pr\u00f3ximo.<br \/>\nCon el apoyo de comerciantes locales, el mencionado coro necochense organiza esta venta, con posibilidades de hacer la respectiva reserva (o preventa) hasta el venidero martes 12 de julio.<\/p>\n<p>Los tel\u00e9fonos habilitados para ellos son los siguientes: 15500471 y 15363775.<\/p>\n<p>Cada porci\u00f3n tiene un valor de 800 pesos, y se la podr\u00e1 retirar el s\u00e1bado 16 entre las 10 de la ma\u00f1ana y las 13 en la Escuela Danesa local, ingresando por el Jard\u00edn deIinfantes por calle 64.<\/p>\n<p>El prop\u00f3sito de esta venta es con el fin de recaudar fondos para cubrir gastos de esta agrupaci\u00f3n coral, que viene trabajando, entre otros objetivos, para la pre Coraliada 2022 a realizarse el mes que viene.<\/p>\n","protected":false},"excerpt":{"rendered":"<p>Se concretar\u00e1 el s\u00e1bado 16 de julio. La preventa estar\u00e1 habilitada hasta el martes 12 Maria Nelly Merlo, integrante del Coro Altamira de Necochea, fue entrevistada para el programa de radio matutino Voces de la Ciudad, promocionando la venta de porciones de de guiso de lentejas que aquella agrupaci\u00f3n llevar\u00e1 adelante el s\u00e1bado 16 de [&hellip;]<\/p>\n","protected":false},"author":3,"featured_media":91526,"comment_status":"closed","ping_status":"closed","sticky":false,"template":"","format":"standard","meta":{"footnotes":""},"categories":[3],"tags":[],"class_list":["post-91525","post","type-post","status-publish","format-standard","has-post-thumbnail","category-masnoticias"],"_links":{"self":[{"href":"https:\/\/primicias2262.com\/noticias\/wp-json\/wp\/v2\/posts\/91525","targetHints":{"allow":["GET"]}}],"collection":[{"href":"https:\/\/primicias2262.com\/noticias\/wp-json\/wp\/v2\/posts"}],"about":[{"href":"https:\/\/primicias2262.com\/noticias\/wp-json\/wp\/v2\/types\/post"}],"author":[{"embeddable":true,"href":"https:\/\/primicias2262.com\/noticias\/wp-json\/wp\/v2\/users\/3"}],"replies":[{"embeddable":true,"href":"https:\/\/primicias2262.com\/noticias\/wp-json\/wp\/v2\/comments?post=91525"}],"version-history":[{"count":0,"href":"https:\/\/primicias2262.com\/noticias\/wp-json\/wp\/v2\/posts\/91525\/revisions"}],"wp:attachment":[{"href":"https:\/\/primicias2262.com\/noticias\/wp-json\/wp\/v2\/media?parent=91525"}],"wp:term":[{"taxonomy":"category","embeddable":true,"href":"https:\/\/primicias2262.com\/noticias\/wp-json\/wp\/v2\/categories?post=91525"},{"taxonomy":"post_tag","embeddable":true,"href":"https:\/\/primicias2262.com\/noticias\/wp-json\/wp\/v2\/tags?post=91525"}],"curies":[{"name":"wp","href":"https:\/\/api.w.org\/{rel}","templated":true}]}}