{"id":91566,"date":"2022-07-11T14:27:46","date_gmt":"2022-07-11T17:27:46","guid":{"rendered":"https:\/\/primicias2262.com\/?p=91566"},"modified":"2022-07-11T14:27:46","modified_gmt":"2022-07-11T17:27:46","slug":"condenan-a-andres-morales-a-30-anos-de-prision-por-el-homicidio-de-una-policia","status":"publish","type":"post","link":"https:\/\/primicias2262.com\/noticias\/condenan-a-andres-morales-a-30-anos-de-prision-por-el-homicidio-de-una-policia\/","title":{"rendered":"Condenan a Andr\u00e9s Morales a 30 a\u00f1os de prisi\u00f3n por el homicidio de una polic\u00eda"},"content":{"rendered":"<p>Luego de que un jurado popular lo declarara culpable, la jueza Mariana Gim\u00e9nez conden\u00f3 a 30 a\u00f1os de prisi\u00f3n al ex boxeador Andr\u00e9s Morales por el homicidio de la oficial de Polic\u00eda, Bel\u00e9n Corval\u00e1n.<\/p>\n<p><a href=\"https:\/\/primicias2262.com\/wp-content\/uploads\/2022\/07\/Corvalan.jpg\"><img loading=\"lazy\" decoding=\"async\" class=\"alignright size-medium wp-image-91567\" src=\"https:\/\/primicias2262.com\/wp-content\/uploads\/2022\/07\/Corvalan-300x218.jpg\" alt=\"\" width=\"300\" height=\"218\" \/><\/a>El hecho ocurri\u00f3 el 27 de diciembre de 2020 cuando la uniformada, que se encontraba de servicio, fue atropellada por el auto que conduc\u00eda Morales en la ruta 86.<\/p>\n<p>El fiscal de la causa, Guillermo Sabatini hab\u00eda solicitado una pena de 40 a\u00f1os de prisi\u00f3n por entender que se trataba de un homicidio agravado por tratarse de una polic\u00eda, pero el jurado popular -con 11 votos- determin\u00f3 que se trat\u00f3 de un homicidio simple. La pena puede ser apelada por la defensa de Morales.<\/p>\n<p><strong>FOTO DE PORTADA: Estefan\u00eda Dray<\/strong><\/p>\n","protected":false},"excerpt":{"rendered":"<p>Luego de que un jurado popular lo declarara culpable, la jueza Mariana Gim\u00e9nez conden\u00f3 a 30 a\u00f1os de prisi\u00f3n al ex boxeador Andr\u00e9s Morales por el homicidio de la oficial de Polic\u00eda, Bel\u00e9n Corval\u00e1n. El hecho ocurri\u00f3 el 27 de diciembre de 2020 cuando la uniformada, que se encontraba de servicio, fue atropellada por el [&hellip;]<\/p>\n","protected":false},"author":3,"featured_media":91568,"comment_status":"closed","ping_status":"closed","sticky":false,"template":"","format":"standard","meta":{"footnotes":""},"categories":[3],"tags":[],"class_list":["post-91566","post","type-post","status-publish","format-standard","has-post-thumbnail","category-masnoticias"],"_links":{"self":[{"href":"https:\/\/primicias2262.com\/noticias\/wp-json\/wp\/v2\/posts\/91566","targetHints":{"allow":["GET"]}}],"collection":[{"href":"https:\/\/primicias2262.com\/noticias\/wp-json\/wp\/v2\/posts"}],"about":[{"href":"https:\/\/primicias2262.com\/noticias\/wp-json\/wp\/v2\/types\/post"}],"author":[{"embeddable":true,"href":"https:\/\/primicias2262.com\/noticias\/wp-json\/wp\/v2\/users\/3"}],"replies":[{"embeddable":true,"href":"https:\/\/primicias2262.com\/noticias\/wp-json\/wp\/v2\/comments?post=91566"}],"version-history":[{"count":0,"href":"https:\/\/primicias2262.com\/noticias\/wp-json\/wp\/v2\/posts\/91566\/revisions"}],"wp:attachment":[{"href":"https:\/\/primicias2262.com\/noticias\/wp-json\/wp\/v2\/media?parent=91566"}],"wp:term":[{"taxonomy":"category","embeddable":true,"href":"https:\/\/primicias2262.com\/noticias\/wp-json\/wp\/v2\/categories?post=91566"},{"taxonomy":"post_tag","embeddable":true,"href":"https:\/\/primicias2262.com\/noticias\/wp-json\/wp\/v2\/tags?post=91566"}],"curies":[{"name":"wp","href":"https:\/\/api.w.org\/{rel}","templated":true}]}}