{"id":91573,"date":"2022-07-11T14:41:50","date_gmt":"2022-07-11T17:41:50","guid":{"rendered":"https:\/\/primicias2262.com\/?p=91573"},"modified":"2022-07-11T14:41:50","modified_gmt":"2022-07-11T17:41:50","slug":"remises-croci-admitio-el-faltante-de-unidades-y-hablo-sobre-el-aumento-de-la-demanda","status":"publish","type":"post","link":"https:\/\/primicias2262.com\/noticias\/remises-croci-admitio-el-faltante-de-unidades-y-hablo-sobre-el-aumento-de-la-demanda\/","title":{"rendered":"Remises: Croci admiti\u00f3 el faltante de unidades y habl\u00f3 sobre el aumento de la demanda"},"content":{"rendered":"<p>El director de Transporte de la comuna, Facundo Croci, estuvo en los estudios de \u201cVoces de la Ciudad\u201d, donde dialog\u00f3 con el periodista Jorge G\u00f3mez sobre el colapso que sucede a menudo con el servicio de rem\u00eds y la excepcionalidad que emite el Concejo Deliberante a algunos veh\u00edculos que ya cumpliero el m\u00e1ximo de a\u00f1os de circulaci\u00f3n en la v\u00eda p\u00fablica.<\/p>\n<p><a href=\"https:\/\/primicias2262.com\/wp-content\/uploads\/2022\/07\/WhatsApp-Image-2022-07-11-at-2.33.40-PM.jpeg\"><img loading=\"lazy\" decoding=\"async\" class=\"alignleft size-medium wp-image-91575\" src=\"https:\/\/primicias2262.com\/wp-content\/uploads\/2022\/07\/WhatsApp-Image-2022-07-11-at-2.33.40-PM-203x300.jpeg\" alt=\"\" width=\"203\" height=\"300\" \/><\/a>Con respecto al primer tema, ante la consulta de por qu\u00e9 la gente pide un rem\u00eds y no consigue, el funcionario argument\u00f3 que \u201cactualmente tenemos 320 unidades habilitadas, y no alcanza\u00bb.<\/p>\n<p>\u00abEl rem\u00eds en la ordenanza se divide en peque\u00f1as y grandes agencias, las peque\u00f1as son aquellas remiseras que no tienen m\u00e1s de 25 veh\u00edculos, y las grandes pueden tener hasta 50. Las que tienen menos de 25 autos no est\u00e1n obligadas a trabajar las 24 horas, pueden hacerlo hasta 22.30; mientras que las grandes agencias tienen que trabajar las 24 horas con un tercio de las unidades que est\u00e1n habilitadas\u201d, explic\u00f3.<\/p>\n<p>En ese sentido, inform\u00f3 que \u201cen este momento tenemos dos grandes agencias en Necochea, y el primer an\u00e1lisis que hacemos es que est\u00e1 saturado el servicio, y es tal la saturaci\u00f3n y hay tanta demanda por dem\u00e1s que no se llega a cubrir. Es por horarios, por clima o por otras cuestiones, pero en determinado momento colapsa\u201d.<\/p>\n<p>Para tal fin, Croci record\u00f3 que \u201cdesde el Ejecutivo, con Arturo (Rojas) y Gabriela (G\u00f3ngora) abrimos el Registro de Aspirantes, y aquel que quiera poner una licencia de rem\u00eds a trabajar, puede hacerlo, es algo simple y tiene sus pasos administrativos, pero desde diciembre que abrimos a ahora se presentaron solamente 12 personas, de los cuales s\u00f3lo cuatro presentaron veh\u00edculo, y el problema hoy es que no hay licenciatarios que inviertan o quieran poner un rem\u00eds a funcionar\u201d.<\/p>\n<p>Por otra parte, se refiri\u00f3 a los permisos del Concejo Deliberante para extender la vigencia de los veh\u00edculos que funcionan como rem\u00eds, al expresar que \u201cla norma dice que son 10 a\u00f1os como m\u00e1ximo, pero puede dar excepciones de uno o dos a\u00f1os m\u00e1s. En este caso todas las unidades que est\u00e1n en el informe (que se elev\u00f3 al cuerpo deliberativo) estar\u00edan en condiciones t\u00e9cnico-mec\u00e1nicas y de seguridad para poder seguir\u201d, tomando en cuenta tambi\u00e9n los altos costos de las nuevas unidades en la actualidad.<\/p>\n<p>En cuanto al modo de fiscalizaci\u00f3n, describi\u00f3 que \u201cel licenciatario viene primero a la Direcci\u00f3n de Trasporte y nos pregunta qu\u00e9 deber\u00eda refaccionar para que la unidad pueda seguir funcionando y pida una v\u00eda de excepci\u00f3n, y nosotros le a\u00f1adimos material fotogr\u00e1fico para que a su vez el concejal vea el estado general del veh\u00edculo\u201d.<\/p>\n","protected":false},"excerpt":{"rendered":"<p>El director de Transporte de la comuna, Facundo Croci, estuvo en los estudios de \u201cVoces de la Ciudad\u201d, donde dialog\u00f3 con el periodista Jorge G\u00f3mez sobre el colapso que sucede a menudo con el servicio de rem\u00eds y la excepcionalidad que emite el Concejo Deliberante a algunos veh\u00edculos que ya cumpliero el m\u00e1ximo de a\u00f1os [&hellip;]<\/p>\n","protected":false},"author":3,"featured_media":91574,"comment_status":"closed","ping_status":"closed","sticky":false,"template":"","format":"standard","meta":{"footnotes":""},"categories":[3],"tags":[],"class_list":["post-91573","post","type-post","status-publish","format-standard","has-post-thumbnail","category-masnoticias"],"_links":{"self":[{"href":"https:\/\/primicias2262.com\/noticias\/wp-json\/wp\/v2\/posts\/91573","targetHints":{"allow":["GET"]}}],"collection":[{"href":"https:\/\/primicias2262.com\/noticias\/wp-json\/wp\/v2\/posts"}],"about":[{"href":"https:\/\/primicias2262.com\/noticias\/wp-json\/wp\/v2\/types\/post"}],"author":[{"embeddable":true,"href":"https:\/\/primicias2262.com\/noticias\/wp-json\/wp\/v2\/users\/3"}],"replies":[{"embeddable":true,"href":"https:\/\/primicias2262.com\/noticias\/wp-json\/wp\/v2\/comments?post=91573"}],"version-history":[{"count":0,"href":"https:\/\/primicias2262.com\/noticias\/wp-json\/wp\/v2\/posts\/91573\/revisions"}],"wp:attachment":[{"href":"https:\/\/primicias2262.com\/noticias\/wp-json\/wp\/v2\/media?parent=91573"}],"wp:term":[{"taxonomy":"category","embeddable":true,"href":"https:\/\/primicias2262.com\/noticias\/wp-json\/wp\/v2\/categories?post=91573"},{"taxonomy":"post_tag","embeddable":true,"href":"https:\/\/primicias2262.com\/noticias\/wp-json\/wp\/v2\/tags?post=91573"}],"curies":[{"name":"wp","href":"https:\/\/api.w.org\/{rel}","templated":true}]}}