{"id":91577,"date":"2022-07-11T19:49:47","date_gmt":"2022-07-11T22:49:47","guid":{"rendered":"https:\/\/primicias2262.com\/?p=91577"},"modified":"2022-07-11T19:49:47","modified_gmt":"2022-07-11T22:49:47","slug":"rojas-firmo-un-convenio-con-nacion-para-reparar-la-playa-municipal-de-camiones","status":"publish","type":"post","link":"https:\/\/primicias2262.com\/noticias\/rojas-firmo-un-convenio-con-nacion-para-reparar-la-playa-municipal-de-camiones\/","title":{"rendered":"Rojas firm\u00f3 un convenio con Naci\u00f3n para reparar la Playa Municipal de Camiones"},"content":{"rendered":"<p>Tras una fallida visita de las autoridades al distrito por las inclemencias del tiempo, y tras meses de intensas gestiones y trabajos t\u00e9cnicos por parte del equipo de la comuna, el intendente Arturo Rojas logr\u00f3 rubricar un convenio con el Gobierno nacional que garantiza la ejecuci\u00f3n de la remodelaci\u00f3n integral de la Playa Municipal de Camiones.<\/p>\n<p>Esta obra es muy esperada por los transportistas y que persigue el objetivo final de convertir el predio en una futura zona de transferencia y cargas, ampliando su superficie utilizable notablemente.<\/p>\n<p>Para reunirse con el ministro de Transporte, Alexis Ra\u00fal Guerrera, y firmar el documento definitivo, el jefe comunal viaj\u00f3 en la ma\u00f1ana de este lunes hasta la Ciudad Aut\u00f3noma de Buenos Aires, acompa\u00f1ado por el Secretario de Planeamiento, Obras y Servicios P\u00fablicos, Adri\u00e1n Furno, con quien participaron en un encuentro que tambi\u00e9n cont\u00f3 con las figuras de Micaela Moran, subsecretar\u00eda de Planificaci\u00f3n y Coordinaci\u00f3n de la cartera; Juan Manuel Escudero, director Nacional de Transporte Automotor de Cargas; y Gast\u00f3n Jaques, secretario de Planificaci\u00f3n de Transporte.<\/p>\n<p>Vale destacar que la obra, que fue oficialmente designada como \u201cPlaya Municipal de Estacionamiento y Transferencias de Cargas de Puerto Quequ\u00e9n\u201d y cuenta con un presupuesto oficial superior a los 440 millones de pesos -aunque se estima que ese monto ha quedado desfasado por el proceso inflacionario-, tiene como principal objetivo brindar mejores servicios a los usuarios, dotar de mayor seguridad al predio y extender su superficie de uso, redundando en una mayor comodidad para la maniobra y el ordenamiento de los camiones y en espacio utilizable para la puesta en marcha del sector de transferencia.<\/p>\n<p>Los trabajos, que tendr\u00e1n un plazo de ejecuci\u00f3n cercano al a\u00f1o desde el momento de su licitaci\u00f3n, comenzar\u00e1n con el movimiento de suelos y el relleno de depresiones, la compactaci\u00f3n de la base y una terminaci\u00f3n con granza que permitir\u00e1 una mayor estabilidad al momento de la circulaci\u00f3n vehicular y el escurrimiento del agua hacia fuera del predio.<\/p>\n<p>En cuanto a la seguridad, se colocar\u00e1n luminarias led en el per\u00edmetro y torres centrales en el play\u00f3n para lograr una distribuci\u00f3n lum\u00ednica uniforme; tarea que estar\u00e1 acompa\u00f1ada por la instalaci\u00f3n de un cerco perimetral conformado por un alambrado ol\u00edmpico con postes de hormig\u00f3n, a modo de sujeci\u00f3n, y portones en las v\u00edas de entrada y salida a la terminal.<\/p>\n<p>Asimismo, el proyecto contempla la colocaci\u00f3n de nueva se\u00f1al\u00e9tica para mejorar el ordenamiento interno del predio y de un cartel luminoso de grandes dimensiones para transmitir informaci\u00f3n en tiempo real a los transportistas.<\/p>\n<p>Finalmente, pasando a la prestaci\u00f3n de servicios, tambi\u00e9n se construir\u00e1 un edificio moderno para albergar a las oficinas administrativas, el restaurante y los nuevos grupos de sanitarios.<\/p>\n<p>Del encuentro tambi\u00e9n tomaron parte la diputada Nacional por la Provincia de Buenos Aires, Mar\u00eda Jimena L\u00f3pez, y el subdirector Ejecutivo de la Agencia Nacional de Seguridad Vial, Facundo L\u00f3pez.<\/p>\n","protected":false},"excerpt":{"rendered":"<p>Tras una fallida visita de las autoridades al distrito por las inclemencias del tiempo, y tras meses de intensas gestiones y trabajos t\u00e9cnicos por parte del equipo de la comuna, el intendente Arturo Rojas logr\u00f3 rubricar un convenio con el Gobierno nacional que garantiza la ejecuci\u00f3n de la remodelaci\u00f3n integral de la Playa Municipal de [&hellip;]<\/p>\n","protected":false},"author":3,"featured_media":91578,"comment_status":"closed","ping_status":"closed","sticky":false,"template":"","format":"standard","meta":{"footnotes":""},"categories":[3],"tags":[],"class_list":["post-91577","post","type-post","status-publish","format-standard","has-post-thumbnail","category-masnoticias"],"_links":{"self":[{"href":"https:\/\/primicias2262.com\/noticias\/wp-json\/wp\/v2\/posts\/91577","targetHints":{"allow":["GET"]}}],"collection":[{"href":"https:\/\/primicias2262.com\/noticias\/wp-json\/wp\/v2\/posts"}],"about":[{"href":"https:\/\/primicias2262.com\/noticias\/wp-json\/wp\/v2\/types\/post"}],"author":[{"embeddable":true,"href":"https:\/\/primicias2262.com\/noticias\/wp-json\/wp\/v2\/users\/3"}],"replies":[{"embeddable":true,"href":"https:\/\/primicias2262.com\/noticias\/wp-json\/wp\/v2\/comments?post=91577"}],"version-history":[{"count":0,"href":"https:\/\/primicias2262.com\/noticias\/wp-json\/wp\/v2\/posts\/91577\/revisions"}],"wp:attachment":[{"href":"https:\/\/primicias2262.com\/noticias\/wp-json\/wp\/v2\/media?parent=91577"}],"wp:term":[{"taxonomy":"category","embeddable":true,"href":"https:\/\/primicias2262.com\/noticias\/wp-json\/wp\/v2\/categories?post=91577"},{"taxonomy":"post_tag","embeddable":true,"href":"https:\/\/primicias2262.com\/noticias\/wp-json\/wp\/v2\/tags?post=91577"}],"curies":[{"name":"wp","href":"https:\/\/api.w.org\/{rel}","templated":true}]}}