{"id":91580,"date":"2022-07-12T08:53:23","date_gmt":"2022-07-12T11:53:23","guid":{"rendered":"https:\/\/primicias2262.com\/?p=91580"},"modified":"2022-07-12T08:53:23","modified_gmt":"2022-07-12T11:53:23","slug":"capacitacion-de-cruz-roja-sobre-manejo-de-emergencias-en-la-via-publica","status":"publish","type":"post","link":"https:\/\/primicias2262.com\/noticias\/capacitacion-de-cruz-roja-sobre-manejo-de-emergencias-en-la-via-publica\/","title":{"rendered":"Capacitaci\u00f3n de Cruz Roja sobre manejo de emergencias en la v\u00eda p\u00fablica"},"content":{"rendered":"<p><strong>Dirigida a personal de Defensa Civil, el espacio de capacitaci\u00f3n fue dictado por Cristian Bolado, necochense que desempe\u00f1a labores en Cruz Roja Argentina y est\u00e1 radicado en Capital Federal.<\/strong><\/p>\n<p>La capacitaci\u00f3n se llev\u00f3 a cabo en la sede de Defensa Civil, en avenida 10 y 97, y se trat\u00f3 espec\u00edficamente sobre sensibilizaci\u00f3n para el manejo de emergencias en v\u00eda p\u00fablica.<\/p>\n<p>La misma fue dicta por el se\u00f1or Cristian Bolado, quien desempe\u00f1a sus labores en Capital Federal. Adem\u00e1s, estuvo presente y acompa\u00f1\u00f3 dicha capacitaci\u00f3n el director de la mencionada Direcci\u00f3n, Augusto Fulton.<\/p>\n\n","protected":false},"excerpt":{"rendered":"<p>Dirigida a personal de Defensa Civil, el espacio de capacitaci\u00f3n fue dictado por Cristian Bolado, necochense que desempe\u00f1a labores en Cruz Roja Argentina y est\u00e1 radicado en Capital Federal. La capacitaci\u00f3n se llev\u00f3 a cabo en la sede de Defensa Civil, en avenida 10 y 97, y se trat\u00f3 espec\u00edficamente sobre sensibilizaci\u00f3n para el manejo [&hellip;]<\/p>\n","protected":false},"author":3,"featured_media":91581,"comment_status":"closed","ping_status":"closed","sticky":false,"template":"","format":"standard","meta":{"footnotes":""},"categories":[3],"tags":[],"class_list":["post-91580","post","type-post","status-publish","format-standard","has-post-thumbnail","category-masnoticias"],"_links":{"self":[{"href":"https:\/\/primicias2262.com\/noticias\/wp-json\/wp\/v2\/posts\/91580","targetHints":{"allow":["GET"]}}],"collection":[{"href":"https:\/\/primicias2262.com\/noticias\/wp-json\/wp\/v2\/posts"}],"about":[{"href":"https:\/\/primicias2262.com\/noticias\/wp-json\/wp\/v2\/types\/post"}],"author":[{"embeddable":true,"href":"https:\/\/primicias2262.com\/noticias\/wp-json\/wp\/v2\/users\/3"}],"replies":[{"embeddable":true,"href":"https:\/\/primicias2262.com\/noticias\/wp-json\/wp\/v2\/comments?post=91580"}],"version-history":[{"count":0,"href":"https:\/\/primicias2262.com\/noticias\/wp-json\/wp\/v2\/posts\/91580\/revisions"}],"wp:attachment":[{"href":"https:\/\/primicias2262.com\/noticias\/wp-json\/wp\/v2\/media?parent=91580"}],"wp:term":[{"taxonomy":"category","embeddable":true,"href":"https:\/\/primicias2262.com\/noticias\/wp-json\/wp\/v2\/categories?post=91580"},{"taxonomy":"post_tag","embeddable":true,"href":"https:\/\/primicias2262.com\/noticias\/wp-json\/wp\/v2\/tags?post=91580"}],"curies":[{"name":"wp","href":"https:\/\/api.w.org\/{rel}","templated":true}]}}