{"id":91586,"date":"2022-07-12T13:40:15","date_gmt":"2022-07-12T16:40:15","guid":{"rendered":"https:\/\/primicias2262.com\/?p=91586"},"modified":"2022-07-12T13:40:15","modified_gmt":"2022-07-12T16:40:15","slug":"este-miercoles-para-el-campo-es-una-movida-sectorial-en-repudio-a-este-circo-politico","status":"publish","type":"post","link":"https:\/\/primicias2262.com\/noticias\/este-miercoles-para-el-campo-es-una-movida-sectorial-en-repudio-a-este-circo-politico\/","title":{"rendered":"Este mi\u00e9rcoles para el campo: \u201cEs una movida sectorial en repudio a este circo pol\u00edtico\u201d"},"content":{"rendered":"<p>As\u00ed lo expres\u00f3 el presidente de la Sociedad Rural de Necochea, Patricio Bosch, quien junto a un grupo de productores locales tomar\u00e1 parte este mi\u00e9rcoles 13 de julio de la jornada de protesta y cese de comercializaci\u00f3n de granos y hacienda, cuando se movilicen hasta Tres Arroyos, en la intersecci\u00f3n de rutas 3 y 228.<\/p>\n<p>En el aire de \u201cVoces de la Ciudad\u201d, Bosch sintetiz\u00f3 que \u201ces un paro simb\u00f3lico porque un d\u00eda en el campo no tiene mayor trascendencia econ\u00f3mica, y la idea no es afectar a nadie, sino manifestar nuestro descontento con la situaci\u00f3n econ\u00f3mica, que no es s\u00f3lo nuestra sino de todo el pa\u00eds\u201d.<\/p>\n<p>En ese marco, y ante la consulta del periodista Jorge G\u00f3mez, fue contundente con los dirigentes pol\u00edticos: \u201cEs una movida sectorial en repudio a este circo pol\u00edtico que estamos viviendo, y por supuesto porque econ\u00f3micamente nos afecta\u201d, aunque \u201ces muy dif\u00edcil lograr algo con una pol\u00edtica tan degradada, y la econom\u00eda depende de las decisiones pol\u00edticas, que son muy enredadas, no hay medidas sensatas y por eso el pa\u00eds es un caos\u201d.<\/p>\n<p>Acto seguido, anhel\u00f3 que \u201cpueda ser que la gente se d\u00e9 cuenta que esto es un desastre y que as\u00ed no se gobierna\u2026 no puede ser que haya un presidente y una se\u00f1ora que maneja el pa\u00eds a su gusto con todo lo que se le ocurre, lamentablemente le hace mucho caso Alberto a Cristina (en referencia al presidente y la vice\u201d, y afirm\u00f3 Bosch que \u201chay que ir por un cambio real, pol\u00edtico y econ\u00f3mico, por eso nos juntaremos los productores para manifestar nuestra opini\u00f3n\u201d.<\/p>\n<p>Finalmente, sobre las medidas anunciadas por la ministra de Econom\u00eda, Silvina Batakis, Bosch sostuvo que \u201cparecen l\u00f3gicas cuando se las escucha pero son parches para una situaci\u00f3n en la que la pol\u00edtica pisa fuertemente y el problema real est\u00e1 en esa rencilla infame entre la vicepresidenta y el presidente, y nuestro repudio es a eso\u201d.<\/p>\n","protected":false},"excerpt":{"rendered":"<p>As\u00ed lo expres\u00f3 el presidente de la Sociedad Rural de Necochea, Patricio Bosch, quien junto a un grupo de productores locales tomar\u00e1 parte este mi\u00e9rcoles 13 de julio de la jornada de protesta y cese de comercializaci\u00f3n de granos y hacienda, cuando se movilicen hasta Tres Arroyos, en la intersecci\u00f3n de rutas 3 y 228. [&hellip;]<\/p>\n","protected":false},"author":3,"featured_media":91587,"comment_status":"closed","ping_status":"closed","sticky":false,"template":"","format":"standard","meta":{"footnotes":""},"categories":[3],"tags":[],"class_list":["post-91586","post","type-post","status-publish","format-standard","has-post-thumbnail","category-masnoticias"],"_links":{"self":[{"href":"https:\/\/primicias2262.com\/noticias\/wp-json\/wp\/v2\/posts\/91586","targetHints":{"allow":["GET"]}}],"collection":[{"href":"https:\/\/primicias2262.com\/noticias\/wp-json\/wp\/v2\/posts"}],"about":[{"href":"https:\/\/primicias2262.com\/noticias\/wp-json\/wp\/v2\/types\/post"}],"author":[{"embeddable":true,"href":"https:\/\/primicias2262.com\/noticias\/wp-json\/wp\/v2\/users\/3"}],"replies":[{"embeddable":true,"href":"https:\/\/primicias2262.com\/noticias\/wp-json\/wp\/v2\/comments?post=91586"}],"version-history":[{"count":0,"href":"https:\/\/primicias2262.com\/noticias\/wp-json\/wp\/v2\/posts\/91586\/revisions"}],"wp:attachment":[{"href":"https:\/\/primicias2262.com\/noticias\/wp-json\/wp\/v2\/media?parent=91586"}],"wp:term":[{"taxonomy":"category","embeddable":true,"href":"https:\/\/primicias2262.com\/noticias\/wp-json\/wp\/v2\/categories?post=91586"},{"taxonomy":"post_tag","embeddable":true,"href":"https:\/\/primicias2262.com\/noticias\/wp-json\/wp\/v2\/tags?post=91586"}],"curies":[{"name":"wp","href":"https:\/\/api.w.org\/{rel}","templated":true}]}}