{"id":91605,"date":"2022-07-12T14:29:14","date_gmt":"2022-07-12T17:29:14","guid":{"rendered":"https:\/\/primicias2262.com\/?p=91605"},"modified":"2022-07-12T14:29:14","modified_gmt":"2022-07-12T17:29:14","slug":"soy-el-intendente-de-necochea-y-tengo-que-gestionar-a-nivel-provincial-y-nacional","status":"publish","type":"post","link":"https:\/\/primicias2262.com\/noticias\/soy-el-intendente-de-necochea-y-tengo-que-gestionar-a-nivel-provincial-y-nacional\/","title":{"rendered":"\u201cSoy el intendente de Necochea y tengo que gestionar a nivel provincial y nacional\u201d"},"content":{"rendered":"<p>En la jornada posterior a la firma para la ejecuci\u00f3n de la remodelaci\u00f3n de la Playa Municipal de Camiones de Quequ\u00e9n, el intendente Arturo Rojas fue consultado acerca de algunos comentarios bajo la definici\u00f3n de la presunci\u00f3n de encontrarse ante \u201cel massista Rojas\u201d, tras una r\u00fabrica en la que el jefe comunal estuvo acompa\u00f1ado del ministro de Transporte de la Naci\u00f3n, Alexis Guerrera, entre otros funcionarios del \u00e1rea y allegados relacionados a la pasada administraci\u00f3n local.<\/p>\n<p>Hecha la consulta por el periodista Jorge G\u00f3mez en el programa de radio \u201cVoces de la Ciudad\u201d, Rojas contest\u00f3\u00a0 que \u201cla gente tiene que entender que soy el intendente de Necochea y tengo que gestionar a nivel provincial y nacional, y tengo que estar con todos los dirigentes que tienen alguna posibilidad de gesti\u00f3n\u201d, y de hecho, anticip\u00f3 que este mi\u00e9rcoles 13 de julio estar\u00e1 nuevamente en La Plata, en este caso junto al gobernador Axel Kicillof.<\/p>\n<p>Ampli\u00f3 Rojas diciendo que \u201ceso no significa que me pase a las filas del gobernador\u201d, aunque de todas maneras \u201cagradezco a Sergio Massa (presidente de la C\u00e1mara de Diputados de la Naci\u00f3n), que ha estado gestionando para que esta obra de la Playa de Camiones salga as\u00ed que estoy muy agradecido\u201d.<\/p>\n<p>Respecto al importante convenio, el jefe comunal recapitul\u00f3 que \u201chace m\u00e1s de un a\u00f1o y medio que lo estamos tratando, debo haber ido no menos de 25 veces a distintas reuniones para lograr el proyecto definitivo, el cual se aprob\u00f3 en junio de 2021 y ten\u00edamos previsto firmar en febrero, pero por cuestiones de agenda del ministro lo firmamos ayer\u201d.<\/p>\n<p>\u201cSe trata de una obra emblem\u00e1tica, reclamada y muy esperada por los transportistas\u201d, esgrimi\u00f3 Rojas, enumerando que se har\u00e1 consolidaci\u00f3n del suelo, cercado perimetral, iluminaci\u00f3n en todos los sectores, oficinas nuevas, restaurant y sanitarios, \u201cun lugar acorde para los transportistas\u201d.<\/p>\n<p>En cuanto al presupuesto, si bien el monto original es de 440 millones de pesos, \u201cotro tema de conversaci\u00f3n en La Plata fue a ver si logramos un monto m\u00e1s al momento de la adjudicaci\u00f3n (el proceso licitatorio se har\u00e1 en el municipio, y el adelanto financiero es una ve adjudicada la obra), ya que es una gran problem\u00e1tica el proceso inflacionario\u201d, culmin\u00f3.<\/p>\n","protected":false},"excerpt":{"rendered":"<p>En la jornada posterior a la firma para la ejecuci\u00f3n de la remodelaci\u00f3n de la Playa Municipal de Camiones de Quequ\u00e9n, el intendente Arturo Rojas fue consultado acerca de algunos comentarios bajo la definici\u00f3n de la presunci\u00f3n de encontrarse ante \u201cel massista Rojas\u201d, tras una r\u00fabrica en la que el jefe comunal estuvo acompa\u00f1ado del [&hellip;]<\/p>\n","protected":false},"author":3,"featured_media":88541,"comment_status":"closed","ping_status":"closed","sticky":false,"template":"","format":"standard","meta":{"footnotes":""},"categories":[3],"tags":[],"class_list":["post-91605","post","type-post","status-publish","format-standard","has-post-thumbnail","category-masnoticias"],"_links":{"self":[{"href":"https:\/\/primicias2262.com\/noticias\/wp-json\/wp\/v2\/posts\/91605","targetHints":{"allow":["GET"]}}],"collection":[{"href":"https:\/\/primicias2262.com\/noticias\/wp-json\/wp\/v2\/posts"}],"about":[{"href":"https:\/\/primicias2262.com\/noticias\/wp-json\/wp\/v2\/types\/post"}],"author":[{"embeddable":true,"href":"https:\/\/primicias2262.com\/noticias\/wp-json\/wp\/v2\/users\/3"}],"replies":[{"embeddable":true,"href":"https:\/\/primicias2262.com\/noticias\/wp-json\/wp\/v2\/comments?post=91605"}],"version-history":[{"count":0,"href":"https:\/\/primicias2262.com\/noticias\/wp-json\/wp\/v2\/posts\/91605\/revisions"}],"wp:attachment":[{"href":"https:\/\/primicias2262.com\/noticias\/wp-json\/wp\/v2\/media?parent=91605"}],"wp:term":[{"taxonomy":"category","embeddable":true,"href":"https:\/\/primicias2262.com\/noticias\/wp-json\/wp\/v2\/categories?post=91605"},{"taxonomy":"post_tag","embeddable":true,"href":"https:\/\/primicias2262.com\/noticias\/wp-json\/wp\/v2\/tags?post=91605"}],"curies":[{"name":"wp","href":"https:\/\/api.w.org\/{rel}","templated":true}]}}