{"id":91607,"date":"2022-07-13T08:45:11","date_gmt":"2022-07-13T11:45:11","guid":{"rendered":"https:\/\/primicias2262.com\/?p=91607"},"modified":"2022-07-13T08:45:11","modified_gmt":"2022-07-13T11:45:11","slug":"actitud-solidaria-prepara-su-segunda-etapa-de-cara-al-dia-del-nino","status":"publish","type":"post","link":"https:\/\/primicias2262.com\/noticias\/actitud-solidaria-prepara-su-segunda-etapa-de-cara-al-dia-del-nino\/","title":{"rendered":"Actitud Solidaria prepara su segunda etapa de cara al D\u00eda del Ni\u00f1o"},"content":{"rendered":"<p><strong>En el mes de la ni\u00f1ez, llega \u201cActitud Jugar\u201d, comunicaron desde Actitud Solidaria, precisando que \u201cel s\u00e1bado 6 de agosto te convocamos a redoblar el esfuerzo en la segunda etapa de la octava colecta anual, que centrar\u00e1 su objetivo en recolectar juguetes para el D\u00eda del Ni\u00f1o.<\/strong><\/p>\n<p>Despu\u00e9s de la exitosa \u201cActitud Abrigar\u201d de junio pasado, donde gracias a las donaciones de la comunidad el grupo organizador logr\u00f3 llegar con ropa de abrigo a 2.000 familias, ahora se proponen acompa\u00f1ar con juguetes a 10 espacios y m\u00e1s de 1000 chicos.<\/p>\n<p>Nuevamente el punto de acopio ser\u00e1 el SUM del Centro Vasco, en Avenida 58 entre calles 65 y 67. \u201cTe esperamos de 10 a 15 horas, exclusivamente con juguetes, nuevos y usados en buen estado. Te pedimos que no los envuelvas para regalo, as\u00ed podremos identificarlos para su reparto\u201d, especificaron.<\/p>\n<p>Con tu donaci\u00f3n, estar\u00e1s colaborando con diez espacios:<\/p>\n<ul>\n<li>Comedor Barrio Sur<\/li>\n<li>Comedor Barrio San Mart\u00edn<\/li>\n<li>Cec 803<\/li>\n<li>Cec 801<\/li>\n<li>Anexo 801<\/li>\n<li>Solidaridad En Marcha<\/li>\n<li>Comedor Mate Cocido<\/li>\n<li>Asociaci\u00f3n Yipuy<\/li>\n<li>Comedor Frutillitas<\/li>\n<li>Hogar Preciosa Semilla<\/li>\n<\/ul>\n<p>Durante la jornada se realizar\u00e1 un programa de radio en vivo, en el cual vecinos, periodistas, y personalidades aportar\u00e1n lo suyo para canalizar la energ\u00eda solidaria de la gente que se acerque. Se podr\u00e1 escuchar por Estaci\u00f3n K2 96.3, K2 M\u00fasica 98.7, La 100 Necochea 98.5 y La Red 90.5.<\/p>\n","protected":false},"excerpt":{"rendered":"<p>En el mes de la ni\u00f1ez, llega \u201cActitud Jugar\u201d, comunicaron desde Actitud Solidaria, precisando que \u201cel s\u00e1bado 6 de agosto te convocamos a redoblar el esfuerzo en la segunda etapa de la octava colecta anual, que centrar\u00e1 su objetivo en recolectar juguetes para el D\u00eda del Ni\u00f1o. Despu\u00e9s de la exitosa \u201cActitud Abrigar\u201d de junio [&hellip;]<\/p>\n","protected":false},"author":3,"featured_media":91608,"comment_status":"closed","ping_status":"closed","sticky":false,"template":"","format":"standard","meta":{"footnotes":""},"categories":[3],"tags":[],"class_list":["post-91607","post","type-post","status-publish","format-standard","has-post-thumbnail","category-masnoticias"],"_links":{"self":[{"href":"https:\/\/primicias2262.com\/noticias\/wp-json\/wp\/v2\/posts\/91607","targetHints":{"allow":["GET"]}}],"collection":[{"href":"https:\/\/primicias2262.com\/noticias\/wp-json\/wp\/v2\/posts"}],"about":[{"href":"https:\/\/primicias2262.com\/noticias\/wp-json\/wp\/v2\/types\/post"}],"author":[{"embeddable":true,"href":"https:\/\/primicias2262.com\/noticias\/wp-json\/wp\/v2\/users\/3"}],"replies":[{"embeddable":true,"href":"https:\/\/primicias2262.com\/noticias\/wp-json\/wp\/v2\/comments?post=91607"}],"version-history":[{"count":0,"href":"https:\/\/primicias2262.com\/noticias\/wp-json\/wp\/v2\/posts\/91607\/revisions"}],"wp:attachment":[{"href":"https:\/\/primicias2262.com\/noticias\/wp-json\/wp\/v2\/media?parent=91607"}],"wp:term":[{"taxonomy":"category","embeddable":true,"href":"https:\/\/primicias2262.com\/noticias\/wp-json\/wp\/v2\/categories?post=91607"},{"taxonomy":"post_tag","embeddable":true,"href":"https:\/\/primicias2262.com\/noticias\/wp-json\/wp\/v2\/tags?post=91607"}],"curies":[{"name":"wp","href":"https:\/\/api.w.org\/{rel}","templated":true}]}}