{"id":91610,"date":"2022-07-13T10:23:03","date_gmt":"2022-07-13T13:23:03","guid":{"rendered":"https:\/\/primicias2262.com\/?p=91610"},"modified":"2022-07-13T10:23:03","modified_gmt":"2022-07-13T13:23:03","slug":"conoce-la-propuesta-del-teatro-municipal-y-las-actividades-en-la-plaza-durante-las-vacaciones","status":"publish","type":"post","link":"https:\/\/primicias2262.com\/noticias\/conoce-la-propuesta-del-teatro-municipal-y-las-actividades-en-la-plaza-durante-las-vacaciones\/","title":{"rendered":"Conoc\u00e9 la propuesta del Teatro Municipal y las actividades en la Plaza durante las vacaciones"},"content":{"rendered":"<p><strong>Desde el pr\u00f3ximo lunes 18 de julio, y durante las dos semanas de las vacaciones de invierno, las actividades para los m\u00e1s chicos y sus familias se concentrar\u00e1n en el Teatro Municipal \u201cLuis Sandrini\u201d, en calle 54 N\u00ba 3076; y en la Plaza Dardo Rocha, frente al municipio.<\/strong><\/p>\n<p>En virtud de ello, el director de Cultura, Juan Gamba, puntualiz\u00f3 que \u201ctendremos dos funciones diarias en el Teatro Municipal\u201d, para lo que bien vale aclarar que cada funci\u00f3n tendr\u00e1 un costo de 500 pesos. En tanto, desde el domingo 17 habr\u00e1 una carpa de Cultura con talleres y espect\u00e1culos gratuitos en la Plaza Dardo Rocha, desde las 14.<\/p>\n<p><strong>Cartelera del Teatro Municipal:<\/strong><\/p>\n<figure class=\"wp-block-table\">\n<table>\n<tbody>\n<tr>\n<td><em>Faina<\/em><\/td>\n<td><strong><em>18<\/em><\/strong> <strong><em>de Julio<\/em><\/strong><\/td>\n<td>\u00a0 <strong><em>15.00 hs.<\/em><\/strong><\/td>\n<td>\u00a0 <strong><em>$500<\/em><\/strong><\/td>\n<td>Canap\u00e9 de polenta<\/td>\n<td><strong><em>25<\/em><\/strong> <strong><em>de Julio<\/em><\/strong><\/td>\n<td>\u00a0 <strong><em>15.00 hs.<\/em><\/strong><\/td>\n<td>\u00a0 <strong><em>$500<\/em><\/strong><\/td>\n<\/tr>\n<tr>\n<td><em>Mary Circo \u201cEquilibriosK<\/em><\/td>\n<td><strong><em>18<\/em><\/strong> <strong><em>de Julio<\/em><\/strong><\/td>\n<td>\u00a0 <strong><em>17.00 hs.<\/em><\/strong><\/td>\n<td>\u00a0 <strong><em>$500<\/em><\/strong><\/td>\n<td><strong>Marbelita<\/strong><\/td>\n<td><strong><em>25<\/em><\/strong> <strong><em>de Julio<\/em><\/strong><\/td>\n<td>\u00a0 <strong><em>17.00 hs.<\/em><\/strong><\/td>\n<td>\u00a0 <strong><em>$500<\/em><\/strong><\/td>\n<\/tr>\n<tr>\n<td><em>Faina<\/em><\/td>\n<td><strong><em>19<\/em><\/strong> <strong><em>de Julio<\/em><\/strong><\/td>\n<td>\u00a0 <strong><em>15.00 hs.<\/em><\/strong><\/td>\n<td>\u00a0 <strong><em>$500<\/em><\/strong><\/td>\n<td><strong>Vecinos Imaginarios<\/strong><\/td>\n<td><strong><em>26<\/em><\/strong> <strong><em>de Julio<\/em><\/strong><\/td>\n<td>\u00a0 <strong><em>15.00 hs.<\/em><\/strong><\/td>\n<td>\u00a0 <strong><em>$500<\/em><\/strong><\/td>\n<\/tr>\n<tr>\n<td><strong>\u201cAqu\u00ed\u2026y ahora\u201d<\/strong><\/td>\n<td><strong><em>19<\/em><\/strong> <strong><em>de Julio<\/em><\/strong><\/td>\n<td>\u00a0 <strong><em>17.00 hs.<\/em><\/strong><\/td>\n<td>\u00a0 <strong><em>$500<\/em><\/strong><\/td>\n<td><strong>William en Redado<\/strong><\/td>\n<td><strong><em>26<\/em><\/strong> <strong><em>de Julio<\/em><\/strong><\/td>\n<td>\u00a0 <strong><em>17.00 hs.<\/em><\/strong><\/td>\n<td>\u00a0 <strong><em>$500<\/em><\/strong><\/td>\n<\/tr>\n<tr>\n<td><em>Faina<\/em><\/td>\n<td><strong><em>20<\/em><\/strong> <strong><em>de Julio<\/em><\/strong><\/td>\n<td>\u00a0 <strong><em>15.00 hs.<\/em><\/strong><\/td>\n<td>\u00a0 <strong><em>$500<\/em><\/strong><\/td>\n<td><strong>Vecinos Imaginarios<\/strong><\/td>\n<td><strong><em>27<\/em><\/strong> <strong><em>de Julio<\/em><\/strong><\/td>\n<td>\u00a0 <strong><em>15.00 hs.<\/em><\/strong><\/td>\n<td>\u00a0 <strong><em>$500<\/em><\/strong><\/td>\n<\/tr>\n<tr>\n<td><strong>Abelardo<\/strong><\/td>\n<td><strong><em>20<\/em><\/strong> <strong><em>de Julio<\/em><\/strong><\/td>\n<td>\u00a0 <strong><em>17.00 hs.<\/em><\/strong><\/td>\n<td>\u00a0 <strong><em>$500<\/em><\/strong><\/td>\n<td><strong>Abelardo<\/strong><\/td>\n<td><strong><em>27<\/em><\/strong> <strong><em>de Julio<\/em><\/strong><\/td>\n<td>\u00a0 <strong><em>17.00 hs.<\/em><\/strong><\/td>\n<td>\u00a0 <strong><em>$500<\/em><\/strong><\/td>\n<\/tr>\n<tr>\n<td>\u00a0 <strong>Do\u00f1a Fresca<\/strong><\/td>\n<td><strong><em>21<\/em><\/strong> <strong><em>de Julio<\/em><\/strong><\/td>\n<td>\u00a0 <strong><em>15.00 hs.<\/em><\/strong><\/td>\n<td>\u00a0 <strong><em>$500<\/em><\/strong><\/td>\n<td>Canap\u00e9 de polenta<\/td>\n<td><strong><em>28<\/em><\/strong> <strong><em>de Julio<\/em><\/strong><\/td>\n<td>\u00a0 <strong><em>15.00 hs.<\/em><\/strong><\/td>\n<td>\u00a0 <strong><em>$500<\/em><\/strong><\/td>\n<\/tr>\n<tr>\n<td><em>Mary Circo \u201cEquilibriosK<\/em><\/td>\n<td><strong><em>21<\/em><\/strong> <strong><em>de Julio<\/em><\/strong><\/td>\n<td>\u00a0 <strong><em>17.00 hs.<\/em><\/strong><\/td>\n<td>\u00a0 <strong><em>$500<\/em><\/strong><\/td>\n<td><strong>Marbelita<\/strong><\/td>\n<td><strong><em>28<\/em><\/strong> <strong><em>de Julio<\/em><\/strong><\/td>\n<td>\u00a0 <strong><em>17.00 hs.<\/em><\/strong><\/td>\n<td>\u00a0 <strong><em>$500<\/em><\/strong><\/td>\n<\/tr>\n<tr>\n<td><strong>Do\u00f1a Fresca<\/strong><\/td>\n<td><strong><em>22<\/em><\/strong> <strong><em>de Julio<\/em><\/strong><\/td>\n<td>\u00a0 <strong><em>15.00 hs.<\/em><\/strong><\/td>\n<td>\u00a0 <strong><em>$500<\/em><\/strong><\/td>\n<td><strong>Abelardo<\/strong><\/td>\n<td><strong><em>29<\/em><\/strong> <strong><em>de Julio<\/em><\/strong><\/td>\n<td>\u00a0 <strong><em>17.00 hs.<\/em><\/strong><\/td>\n<td>\u00a0 <strong><em>$500<\/em><\/strong><\/td>\n<\/tr>\n<tr>\n<td><strong>Abelardo<\/strong><\/td>\n<td><strong><em>22<\/em><\/strong> <strong><em>de Julio<\/em><\/strong><\/td>\n<td>\u00a0 <strong><em>17.00 hs.<\/em><\/strong><\/td>\n<td>\u00a0 <strong><em>$500<\/em><\/strong><\/td>\n<td><strong>William en Redado<\/strong><\/td>\n<td><strong><em>30<\/em><\/strong> <strong><em>de Julio<\/em><\/strong><\/td>\n<td>\u00a0 <strong><em>15.00 hs.<\/em><\/strong><\/td>\n<td>\u00a0 <strong><em>$500<\/em><\/strong><\/td>\n<\/tr>\n<tr>\n<td><strong>Cromalina<\/strong><\/td>\n<td><strong><em>23<\/em><\/strong> <strong><em>de Julio<\/em><\/strong><\/td>\n<td>\u00a0 <strong><em>15.00 hs.<\/em><\/strong><\/td>\n<td>\u00a0 <strong><em>$500<\/em><\/strong><\/td>\n<td><strong>Calle 85<\/strong><\/td>\n<td><strong><em>30<\/em><\/strong> <strong><em>de Julio<\/em><\/strong><\/td>\n<td>\u00a0 <strong><em>20.00 hs.<\/em><\/strong><\/td>\n<td><strong><em>$500<\/em><\/strong> <strong><em>(Anticipadas)<\/em><\/strong> <strong><em>$600<\/em><\/strong> <strong><em>(Puerta)<\/em><\/strong><\/td>\n<\/tr>\n<tr>\n<td><strong>Hilda Lizarazu<\/strong><\/td>\n<td><strong><em>23<\/em><\/strong> <strong><em>de Julio<\/em><\/strong><\/td>\n<td>\u00a0 <strong><em>21.30 hs.<\/em><\/strong><\/td>\n<td>\u00a0 <strong><em>$2500<\/em><\/strong><\/td>\n<td><\/td>\n<\/tr>\n<\/tbody>\n<\/table>\n<\/figure>\n<p><strong>Para consultas al Teatro, llamar al fijo (02262) 42-5705.<\/strong><\/p>\n<p>***<\/p>\n<p><strong>Grilla de actividades en la Plaza Dardo Rocha:<\/strong><\/p>\n<p><strong><u>DOMINGO 17<\/u><\/strong><\/p>\n<p>15:00 HS DO\u00d1A FRESCA<\/p>\n<p><strong><u>LUNES 18<\/u><\/strong><\/p>\n<p>15:00 HS TALLERES BARRIO CULTURA<\/p>\n<p><strong><u>MARTES 19<\/u><\/strong><\/p>\n<p>15:00 HS DO\u00d1A FRESCA<\/p>\n<p><strong><u>MIERCOLES 20<\/u><\/strong><\/p>\n<p>14:00 HS \u201cPASADOS IMAGINARIOS\u201d AREA DE MUSEOS<\/p>\n<p>15:00 HS \u201cUN TEATRO EN LA MOCHILA\u201d ESPECTACULO DE TITERES<\/p>\n<p><strong><u>JUEVES 21<\/u><\/strong><\/p>\n<p>14:00 HS TALLER \u201cPEBLOS ORIGINARIOS 12.000 A\u00d1OS\u201d AREA DE MUSEOS<\/p>\n<p>15:00 HS TALLERES DE BARRIO CULTURA<\/p>\n<p><strong><u>VIERNES 22<\/u><\/strong><\/p>\n<p>15:00 HS TALLERES DE BARRIO CULTURA<\/p>\n<p><strong><u>SABADO 23<\/u><\/strong><\/p>\n<p>15:00 HS \u201cUN TEATRO EN LA MOCHILA\u201d ESPECTACULO DE TITERES<\/p>\n<p><strong><u>DOMINGO 24<\/u><\/strong><\/p>\n<p>14:00 HS CLASE DE ZUMBA INFANTIL PROF. ALFREDO<\/p>\n<p>15:00 HS MURGA REVENTADOS DEL RITMO<\/p>\n<p><strong><u>MARTES 26<\/u><\/strong><\/p>\n<p>15:00 HS MARBELITA<\/p>\n<p><strong><u>MI\u00c9RCOLES 27<\/u><\/strong><\/p>\n<p>14:00 HS \u201cARQUEOLOG\u00cdA\u201d AREA DE MUSEOS<\/p>\n<p><strong><u>JUEVES 28<\/u><\/strong><\/p>\n<p>14:00 HS \u201cPASADOS IMAGINARIOS\u201d AREA DE MUSEOS<\/p>\n<p>15:00 HS \u201cIMAGINARIOS\u201d<\/p>\n<p><strong><u>VIERNES 29<\/u><\/strong><\/p>\n<p>15:00 HS MARBELITA<\/p>\n<p><strong><u>SABADO 30<\/u><\/strong><\/p>\n<p>15:00 HS CLASES DE ZUMBA INFANTIL PROF. ALFREDO<\/p>\n<p><strong><u>DOMINGO 31<\/u><\/strong><\/p>\n<p>15:00 HS \u201cLA CAVERNA DE LOS CUENTOS\u201d<\/p>\n<ul>\n<li><strong>TODOS LOS D\u00cdAS DE 14.30 A 16.30 HS HABR\u00c1 INFLABLES.<\/strong><\/li>\n<li><strong>TODOS LOS ESPECTACULOS Y ACTIVIDADES EN LA PLAZA SON GRATUITAS.<\/strong><\/li>\n<\/ul>\n","protected":false},"excerpt":{"rendered":"<p>Desde el pr\u00f3ximo lunes 18 de julio, y durante las dos semanas de las vacaciones de invierno, las actividades para los m\u00e1s chicos y sus familias se concentrar\u00e1n en el Teatro Municipal \u201cLuis Sandrini\u201d, en calle 54 N\u00ba 3076; y en la Plaza Dardo Rocha, frente al municipio. En virtud de ello, el director de [&hellip;]<\/p>\n","protected":false},"author":3,"featured_media":91611,"comment_status":"closed","ping_status":"closed","sticky":false,"template":"","format":"standard","meta":{"footnotes":""},"categories":[3],"tags":[],"class_list":["post-91610","post","type-post","status-publish","format-standard","has-post-thumbnail","category-masnoticias"],"_links":{"self":[{"href":"https:\/\/primicias2262.com\/noticias\/wp-json\/wp\/v2\/posts\/91610","targetHints":{"allow":["GET"]}}],"collection":[{"href":"https:\/\/primicias2262.com\/noticias\/wp-json\/wp\/v2\/posts"}],"about":[{"href":"https:\/\/primicias2262.com\/noticias\/wp-json\/wp\/v2\/types\/post"}],"author":[{"embeddable":true,"href":"https:\/\/primicias2262.com\/noticias\/wp-json\/wp\/v2\/users\/3"}],"replies":[{"embeddable":true,"href":"https:\/\/primicias2262.com\/noticias\/wp-json\/wp\/v2\/comments?post=91610"}],"version-history":[{"count":0,"href":"https:\/\/primicias2262.com\/noticias\/wp-json\/wp\/v2\/posts\/91610\/revisions"}],"wp:attachment":[{"href":"https:\/\/primicias2262.com\/noticias\/wp-json\/wp\/v2\/media?parent=91610"}],"wp:term":[{"taxonomy":"category","embeddable":true,"href":"https:\/\/primicias2262.com\/noticias\/wp-json\/wp\/v2\/categories?post=91610"},{"taxonomy":"post_tag","embeddable":true,"href":"https:\/\/primicias2262.com\/noticias\/wp-json\/wp\/v2\/tags?post=91610"}],"curies":[{"name":"wp","href":"https:\/\/api.w.org\/{rel}","templated":true}]}}