{"id":91613,"date":"2022-07-13T08:29:31","date_gmt":"2022-07-13T11:29:31","guid":{"rendered":"https:\/\/primicias2262.com\/?p=91613"},"modified":"2022-07-13T08:29:31","modified_gmt":"2022-07-13T11:29:31","slug":"hidrografia-naval-reconocio-que-el-naufragio-encontrado-corresponde-a-un-casco-no-identificado","status":"publish","type":"post","link":"https:\/\/primicias2262.com\/noticias\/hidrografia-naval-reconocio-que-el-naufragio-encontrado-corresponde-a-un-casco-no-identificado\/","title":{"rendered":"Hidrograf\u00eda Naval reconoci\u00f3 que el naufragio encontrado corresponde a un \u201ccasco no identificado\u201d"},"content":{"rendered":"<p><strong>El Servicio de Hidrograf\u00eda Naval (SHN), dependiente del Ministerio de Defensa, calific\u00f3 como de \u201ccasco no identificado\u201d el naufragio hallado frente a las playas bonaerenses de Costa Bonita y Arenas Verdes, en cercan\u00edas del puerto de Quequ\u00e9n, pero descart\u00f3 ponerle el nombre del grupo de los descubridores del pecio, Eslab\u00f3n Perdido, tras una petici\u00f3n formal realizada en ese sentido.<\/strong><\/p>\n<p>El SHN public\u00f3 recientemente la novedad, esto es la ubicaci\u00f3n del naufragio que no estaba registrado, en el bolet\u00edn Aviso a los Navegante bajo la catalogaci\u00f3n de \u201ccasco a pique\u201d, a 26 metros de profundidad, pero sin identificar por su nombre a la nave hundida. Por esta raz\u00f3n, se hab\u00eda solicitado a ese organismo que se lo denomine Eslab\u00f3n Perdido, al menos en forma provisoria hasta que se pueda determinar de qu\u00e9 nave se trata. Esta petici\u00f3n fue rechazada mediante una comunicaci\u00f3n que el Director del SHN, Comodoro de Marina Valent\u00edn Alejandro Sanz Rodr\u00edguez, envi\u00f3 a Abel Basti, periodista de investigaci\u00f3n y coordinador del mencionado grupo. Como respuesta a ese pedido el titular del SHN dijo que: \u201cla inclusi\u00f3n del nombre del buque hundido en las cartas y publicaciones n\u00e1uticas contribuye a que los navegantes identifiquen y reconozcan el obst\u00e1culo referido y adem\u00e1s, es una suerte de memorial del buque y sus tripulantes. En ese sentido ser\u00eda impropio imponerle otro nombre a los cascos no identificados, ya que todos tienen un nombre, aun cuando no lo conozcamos. Por otra parte, adoptar un nombre transitorio podr\u00eda generar confusi\u00f3n al asignarse posteriormente su verdadero nombre. Por lo expuesto, no es conveniente asignar el nombre \u201cEslab\u00f3n Perdido\u201d al pecio hallado por los miembros del mencionado proyecto del cual es usted Coordinador\u201d, contest\u00f3 el comodoro Sanz Rodr\u00edguez a Basti.<\/p>\n<p>Debe mencionarse que si bien el naufragio fue constatado oficialmente de forma subacu\u00e1tica, seg\u00fan inform\u00f3 la Prefectura Naval Argentina, se desconocen las im\u00e1genes obtenidas as\u00ed como el informe pertinente respecto a la verificaci\u00f3n de esos restos n\u00e1ufragos. Eslab\u00f3n Perdido, en su condici\u00f3n de denunciante del hallazgo y en virtud que esos datos son de car\u00e1cter p\u00fablico, ha solicitado a la Prefectura Naval Argentina acceder a dicha informaci\u00f3n, as\u00ed como a la totalidad del expediente originado en esa fuerza a partir de la denuncia de hallazgo realizada el pasado 9 de marzo, pero hasta el d\u00eda de la fecha no se facilit\u00f3 el acceso a la documentaci\u00f3n antes mencionada.<\/p>\n<p>El proyecto Eslab\u00f3n Perdido fue declarado de inter\u00e9s p\u00fablico y cultural por el Honorable Concejo Deliberante de Lober\u00eda (Ordenanza N\u00b0 2495-2021), por la Municipalidad de Necochea, (Decreto Municipal N\u00b0 470\/21) y por el Honorable Senado de la Naci\u00f3n (Expte. N\u00b0 141\/21). Los fundamentos de esas iniciativas demuestran el inter\u00e9s de la sociedad por conocer la existencia de los naufragios y sus antecedentes ya que los mismos forman parte de la historia de la regi\u00f3n.<\/p>\n","protected":false},"excerpt":{"rendered":"<p>El Servicio de Hidrograf\u00eda Naval (SHN), dependiente del Ministerio de Defensa, calific\u00f3 como de \u201ccasco no identificado\u201d el naufragio hallado frente a las playas bonaerenses de Costa Bonita y Arenas Verdes, en cercan\u00edas del puerto de Quequ\u00e9n, pero descart\u00f3 ponerle el nombre del grupo de los descubridores del pecio, Eslab\u00f3n Perdido, tras una petici\u00f3n formal [&hellip;]<\/p>\n","protected":false},"author":3,"featured_media":91614,"comment_status":"closed","ping_status":"closed","sticky":false,"template":"","format":"standard","meta":{"footnotes":""},"categories":[3],"tags":[],"class_list":["post-91613","post","type-post","status-publish","format-standard","has-post-thumbnail","category-masnoticias"],"_links":{"self":[{"href":"https:\/\/primicias2262.com\/noticias\/wp-json\/wp\/v2\/posts\/91613","targetHints":{"allow":["GET"]}}],"collection":[{"href":"https:\/\/primicias2262.com\/noticias\/wp-json\/wp\/v2\/posts"}],"about":[{"href":"https:\/\/primicias2262.com\/noticias\/wp-json\/wp\/v2\/types\/post"}],"author":[{"embeddable":true,"href":"https:\/\/primicias2262.com\/noticias\/wp-json\/wp\/v2\/users\/3"}],"replies":[{"embeddable":true,"href":"https:\/\/primicias2262.com\/noticias\/wp-json\/wp\/v2\/comments?post=91613"}],"version-history":[{"count":0,"href":"https:\/\/primicias2262.com\/noticias\/wp-json\/wp\/v2\/posts\/91613\/revisions"}],"wp:attachment":[{"href":"https:\/\/primicias2262.com\/noticias\/wp-json\/wp\/v2\/media?parent=91613"}],"wp:term":[{"taxonomy":"category","embeddable":true,"href":"https:\/\/primicias2262.com\/noticias\/wp-json\/wp\/v2\/categories?post=91613"},{"taxonomy":"post_tag","embeddable":true,"href":"https:\/\/primicias2262.com\/noticias\/wp-json\/wp\/v2\/tags?post=91613"}],"curies":[{"name":"wp","href":"https:\/\/api.w.org\/{rel}","templated":true}]}}