{"id":91631,"date":"2022-07-13T16:24:08","date_gmt":"2022-07-13T19:24:08","guid":{"rendered":"https:\/\/primicias2262.com\/?p=91631"},"modified":"2022-07-13T16:24:08","modified_gmt":"2022-07-13T19:24:08","slug":"protesta-del-campo-el-objetivo-de-esta-gente-es-terminar-de-destrozar-este-pais","status":"publish","type":"post","link":"https:\/\/primicias2262.com\/noticias\/protesta-del-campo-el-objetivo-de-esta-gente-es-terminar-de-destrozar-este-pais\/","title":{"rendered":"Protesta del campo: \u00abEl objetivo de esta gente es terminar de destrozar este pa\u00eds\u00bb"},"content":{"rendered":"<p>Las entidades del campo realizan este mi\u00e9rcoles un cese de comercializaci\u00f3n de proudctos y una jornada de protesta convocado por la Mesa de Enlace y con epicentro en varias localidades, en especial de la zona n\u00facleo del pa\u00eds.<\/p>\n<p>En el caso de los productores de Necochea se trasladaron hasta el cruce de las rutas 3 y 228, lugar donde tambi\u00e9n se concentraron representantes de Bah\u00eda Blanca, Coronel Pringles, Gonzales Chaves, San Cayetano y Tres Arroyos.<\/p>\n<p><a href=\"https:\/\/primicias2262.com\/wp-content\/uploads\/2022\/07\/Campo-2.jpg\"><img loading=\"lazy\" decoding=\"async\" class=\"size-full wp-image-91632 alignright\" src=\"https:\/\/primicias2262.com\/wp-content\/uploads\/2022\/07\/Campo-2.jpg\" alt=\"\" width=\"480\" height=\"360\" \/><\/a><\/p>\n<p>El ex titular de Carbap, Mat\u00edas De Velazco, se\u00f1al\u00f3 que \u00abvemos con preocupaci\u00f3n el rumbo del pa\u00eds, que se est\u00e1 tornando inviable, no importa si somos muchos o pocos. Asistimos con preocupaci\u00f3n a una clase pol\u00edtica totalmente aislada de la realidad\u00bb.<\/p>\n<p>Agreg\u00f3 que \u00abel objetivo de esta gente es terminar de destrozar este pa\u00eds, llevarlo al nivel de Venezuela y no podemos permitir esto\u00bb, al tiempo que fustig\u00f3 la posibilidad de instaurar un salario b\u00e1sico universal.<\/p>\n<p><strong>FOTOS: LU 24 Radio Tres Arroyos<\/strong><\/p>\n","protected":false},"excerpt":{"rendered":"<p>Las entidades del campo realizan este mi\u00e9rcoles un cese de comercializaci\u00f3n de proudctos y una jornada de protesta convocado por la Mesa de Enlace y con epicentro en varias localidades, en especial de la zona n\u00facleo del pa\u00eds. En el caso de los productores de Necochea se trasladaron hasta el cruce de las rutas 3 [&hellip;]<\/p>\n","protected":false},"author":3,"featured_media":91634,"comment_status":"closed","ping_status":"closed","sticky":false,"template":"","format":"standard","meta":{"footnotes":""},"categories":[3],"tags":[],"class_list":["post-91631","post","type-post","status-publish","format-standard","has-post-thumbnail","category-masnoticias"],"_links":{"self":[{"href":"https:\/\/primicias2262.com\/noticias\/wp-json\/wp\/v2\/posts\/91631","targetHints":{"allow":["GET"]}}],"collection":[{"href":"https:\/\/primicias2262.com\/noticias\/wp-json\/wp\/v2\/posts"}],"about":[{"href":"https:\/\/primicias2262.com\/noticias\/wp-json\/wp\/v2\/types\/post"}],"author":[{"embeddable":true,"href":"https:\/\/primicias2262.com\/noticias\/wp-json\/wp\/v2\/users\/3"}],"replies":[{"embeddable":true,"href":"https:\/\/primicias2262.com\/noticias\/wp-json\/wp\/v2\/comments?post=91631"}],"version-history":[{"count":0,"href":"https:\/\/primicias2262.com\/noticias\/wp-json\/wp\/v2\/posts\/91631\/revisions"}],"wp:attachment":[{"href":"https:\/\/primicias2262.com\/noticias\/wp-json\/wp\/v2\/media?parent=91631"}],"wp:term":[{"taxonomy":"category","embeddable":true,"href":"https:\/\/primicias2262.com\/noticias\/wp-json\/wp\/v2\/categories?post=91631"},{"taxonomy":"post_tag","embeddable":true,"href":"https:\/\/primicias2262.com\/noticias\/wp-json\/wp\/v2\/tags?post=91631"}],"curies":[{"name":"wp","href":"https:\/\/api.w.org\/{rel}","templated":true}]}}