{"id":91638,"date":"2022-07-13T20:51:57","date_gmt":"2022-07-13T23:51:57","guid":{"rendered":"https:\/\/primicias2262.com\/?p=91638"},"modified":"2022-07-13T20:51:57","modified_gmt":"2022-07-13T23:51:57","slug":"rojas-firmo-convenio-con-kicillof-para-integrar-la-salud-al-sistema-digital-de-la-provincia","status":"publish","type":"post","link":"https:\/\/primicias2262.com\/noticias\/rojas-firmo-convenio-con-kicillof-para-integrar-la-salud-al-sistema-digital-de-la-provincia\/","title":{"rendered":"Rojas firm\u00f3 convenio con Kicillof para integrar la salud al sistema digital de la Provincia"},"content":{"rendered":"<p><strong>En un acto que se realiz\u00f3 esta tarde en Ensenada, hacia donde el mandatario viaj\u00f3 acompa\u00f1ado por Andrea Perestiuk. La implementaci\u00f3n de la Historia de Salud Integrada permitir\u00e1 la interoperabilidad entre los distintos efectores bonaerenses, recopilando la informaci\u00f3n de cada paciente y volc\u00e1ndola en una aplicaci\u00f3n a la que tendr\u00e1 acceso el personal pertinente.<\/strong><\/p>\n<div class=\"wp-block-media-text is-stacked-on-mobile is-vertically-aligned-top\">\n<div class=\"wp-block-media-text__content\">\n<p>El intendente Arturo Rojas firm\u00f3 un nuevo convenio que tiene por objetivo seguir fortaleciendo el sistema sanitario local, en este caso con la Provincia de Buenos Aires, en un acto que se realiz\u00f3 en la ciudad de Ensenada y que fue encabezado por el propio gobernador Axel Kicillof y su ministro de Salud, Nicol\u00e1s Kreplak.<\/p>\n<p>El acuerdo, que se rubric\u00f3 en el marco del lanzamiento del programa Salud Digital Bonaerense, en el Hospital Zonal Especializado en Cr\u00f3nicos El Dique, persigue la finalidad de consolidar una pol\u00edtica que favorezca la integraci\u00f3n de los sistemas de informaci\u00f3n, promueva la generaci\u00f3n de conocimiento en el sector p\u00fablico, mejore la gesti\u00f3n sanitaria y colabore con el cumplimiento del derecho a la salud de la ciudadan\u00eda.<\/p>\n<p>Acompa\u00f1ado por la secretaria del \u00e1rea, Andrea Perestiuk, el jefe comunal refrend\u00f3 la implementaci\u00f3n de la Historia de Salud Integrada, un sistema que permitir\u00e1 la interoperabilidad entre los distintos efectores, ya sean privados o estatales, recopilando la informaci\u00f3n de cada paciente en cualquiera de sus visitas a un centro m\u00e9dico y volc\u00e1ndola en una aplicaci\u00f3n a la que tendr\u00e1 acceso exclusivo el personal pertinente.<\/p>\n<\/div>\n<\/div>\n<p>El programa, que ya funciona en otros 30 municipios que recibieron capacitaci\u00f3n y equipamiento inform\u00e1tico para llevar adelante el plan de digitalizaci\u00f3n, tambi\u00e9n apunta a la creaci\u00f3n de una red de gesti\u00f3n de turnos para derivaciones a estudios espec\u00edficos o segundas consultas en el mismo d\u00eda, y a la implementaci\u00f3n de la Telemedicina.<\/p>\n<p>Seg\u00fan explicaron los funcionarios bonaerenses, el proyecto propone la mejora de la gesti\u00f3n al interior de los establecimientos, disminuyendo la carga de trabajo administrativo, generando un avance significativo en t\u00e9rminos de organizaci\u00f3n, confidencialidad y resguardo de los datos; y, fundamentalmente, apuesta a la mejora de la atenci\u00f3n en t\u00e9rminos de calidad, integralidad y equidad, fortaleciendo el trabajo en red y la Historia Cl\u00ednica como un derecho de los pacientes.<\/p>\n<p>Durante el acto realizado en la comuna ubicada en la zona sur del AMBA, que cont\u00f3 con la presencia del Ministro del Interior, Eduardo de Pedro, el Gobierno hizo entrega de 1643 computadoras a municipios y establecimientos provinciales, con la meta de que en el a\u00f1o 2027 la totalidad del territorio cuente con la HSI.<\/p>\n","protected":false},"excerpt":{"rendered":"<p>En un acto que se realiz\u00f3 esta tarde en Ensenada, hacia donde el mandatario viaj\u00f3 acompa\u00f1ado por Andrea Perestiuk. La implementaci\u00f3n de la Historia de Salud Integrada permitir\u00e1 la interoperabilidad entre los distintos efectores bonaerenses, recopilando la informaci\u00f3n de cada paciente y volc\u00e1ndola en una aplicaci\u00f3n a la que tendr\u00e1 acceso el personal pertinente. El [&hellip;]<\/p>\n","protected":false},"author":3,"featured_media":91639,"comment_status":"closed","ping_status":"closed","sticky":false,"template":"","format":"standard","meta":{"footnotes":""},"categories":[3],"tags":[],"class_list":["post-91638","post","type-post","status-publish","format-standard","has-post-thumbnail","category-masnoticias"],"_links":{"self":[{"href":"https:\/\/primicias2262.com\/noticias\/wp-json\/wp\/v2\/posts\/91638","targetHints":{"allow":["GET"]}}],"collection":[{"href":"https:\/\/primicias2262.com\/noticias\/wp-json\/wp\/v2\/posts"}],"about":[{"href":"https:\/\/primicias2262.com\/noticias\/wp-json\/wp\/v2\/types\/post"}],"author":[{"embeddable":true,"href":"https:\/\/primicias2262.com\/noticias\/wp-json\/wp\/v2\/users\/3"}],"replies":[{"embeddable":true,"href":"https:\/\/primicias2262.com\/noticias\/wp-json\/wp\/v2\/comments?post=91638"}],"version-history":[{"count":0,"href":"https:\/\/primicias2262.com\/noticias\/wp-json\/wp\/v2\/posts\/91638\/revisions"}],"wp:attachment":[{"href":"https:\/\/primicias2262.com\/noticias\/wp-json\/wp\/v2\/media?parent=91638"}],"wp:term":[{"taxonomy":"category","embeddable":true,"href":"https:\/\/primicias2262.com\/noticias\/wp-json\/wp\/v2\/categories?post=91638"},{"taxonomy":"post_tag","embeddable":true,"href":"https:\/\/primicias2262.com\/noticias\/wp-json\/wp\/v2\/tags?post=91638"}],"curies":[{"name":"wp","href":"https:\/\/api.w.org\/{rel}","templated":true}]}}