{"id":91644,"date":"2022-07-14T14:03:50","date_gmt":"2022-07-14T17:03:50","guid":{"rendered":"https:\/\/primicias2262.com\/?p=91644"},"modified":"2022-07-14T14:03:50","modified_gmt":"2022-07-14T17:03:50","slug":"hubo-aumentos-de-precios-y-escasean-algunos-materiales-para-la-construccion","status":"publish","type":"post","link":"https:\/\/primicias2262.com\/noticias\/hubo-aumentos-de-precios-y-escasean-algunos-materiales-para-la-construccion\/","title":{"rendered":"Hubo aumentos de precios y escasean algunos materiales para la construcci\u00f3n"},"content":{"rendered":"<p>En el aire de \u00abVoces de la ciudad\u00bb, Adri\u00e1n Mas de la firma AM materiales destac\u00f3, entre otros conceptos, una suba en el precio de art\u00edculos entre el 10 y el 15%, se\u00f1alando una suerte de presunto desabastecimiento en algunos rubros.<\/p>\n<p>Al hacer referencia sobre esto \u00faltimo se le pregunt\u00f3 al empresario si ten\u00eda materiales para vender y en stock, a lo que contest\u00f3 que, en su local, \u201dtenemos abastecimiento para nuestros clientes\u201d, pese a lo cual resalt\u00f3 que las f\u00e1bricas (proveedores) redujeron el cupo que habitualmente ten\u00edan hasta ver c\u00f3mo evoluciona y responde la econom\u00eda en estos primeros d\u00edas de julio.<\/p>\n<p>Con este contexto, puntualiz\u00f3, el negocio de materiales de construcci\u00f3n se habr\u00eda frente a \u201cla suspensi\u00f3n en las modalidades de pago financiados y en cuotas\u201d.<\/p>\n<p>Dijo asimismo que \u201clos art\u00edculos m\u00e1s afectados en nuestro rubro fue lo que est\u00e1n dolarizados, como ser hierro y las chapas\u201d, agregando que las subas estar\u00edan en estos \u00edtems cercanas al 30%, junto a limitaciones para la compra.<\/p>\n<p>Tras consultar como se encuentra \u201cla temperatura y el clima del mostrador de sus negocios\u201d, Adri\u00e1n Mas expres\u00f3 que \u201cla gente se acerc\u00f3 a comprar para asegurarse sus materiales\u201d, y que sus negocios \u201csiguen vendiendo, manejando un poco la situaci\u00f3n para que todos puedan seguir\u201d concretando sus construcciones y planes.<\/p>\n","protected":false},"excerpt":{"rendered":"<p>En el aire de \u00abVoces de la ciudad\u00bb, Adri\u00e1n Mas de la firma AM materiales destac\u00f3, entre otros conceptos, una suba en el precio de art\u00edculos entre el 10 y el 15%, se\u00f1alando una suerte de presunto desabastecimiento en algunos rubros. Al hacer referencia sobre esto \u00faltimo se le pregunt\u00f3 al empresario si ten\u00eda materiales [&hellip;]<\/p>\n","protected":false},"author":3,"featured_media":91645,"comment_status":"closed","ping_status":"closed","sticky":false,"template":"","format":"standard","meta":{"footnotes":""},"categories":[3],"tags":[],"class_list":["post-91644","post","type-post","status-publish","format-standard","has-post-thumbnail","category-masnoticias"],"_links":{"self":[{"href":"https:\/\/primicias2262.com\/noticias\/wp-json\/wp\/v2\/posts\/91644","targetHints":{"allow":["GET"]}}],"collection":[{"href":"https:\/\/primicias2262.com\/noticias\/wp-json\/wp\/v2\/posts"}],"about":[{"href":"https:\/\/primicias2262.com\/noticias\/wp-json\/wp\/v2\/types\/post"}],"author":[{"embeddable":true,"href":"https:\/\/primicias2262.com\/noticias\/wp-json\/wp\/v2\/users\/3"}],"replies":[{"embeddable":true,"href":"https:\/\/primicias2262.com\/noticias\/wp-json\/wp\/v2\/comments?post=91644"}],"version-history":[{"count":0,"href":"https:\/\/primicias2262.com\/noticias\/wp-json\/wp\/v2\/posts\/91644\/revisions"}],"wp:attachment":[{"href":"https:\/\/primicias2262.com\/noticias\/wp-json\/wp\/v2\/media?parent=91644"}],"wp:term":[{"taxonomy":"category","embeddable":true,"href":"https:\/\/primicias2262.com\/noticias\/wp-json\/wp\/v2\/categories?post=91644"},{"taxonomy":"post_tag","embeddable":true,"href":"https:\/\/primicias2262.com\/noticias\/wp-json\/wp\/v2\/tags?post=91644"}],"curies":[{"name":"wp","href":"https:\/\/api.w.org\/{rel}","templated":true}]}}