{"id":91652,"date":"2022-07-14T14:13:29","date_gmt":"2022-07-14T17:13:29","guid":{"rendered":"https:\/\/primicias2262.com\/?p=91652"},"modified":"2022-07-14T14:13:29","modified_gmt":"2022-07-14T17:13:29","slug":"terminal-se-hizo-una-mejora-estructural-de-los-banos-y-este-viernes-estaria-apta-la-calefaccion","status":"publish","type":"post","link":"https:\/\/primicias2262.com\/noticias\/terminal-se-hizo-una-mejora-estructural-de-los-banos-y-este-viernes-estaria-apta-la-calefaccion\/","title":{"rendered":"Terminal: se hizo una mejora estructural de los ba\u00f1os y este viernes estar\u00eda apta la calefacci\u00f3n"},"content":{"rendered":"<p><strong>\u201cLa directiva clara del Intendente es poner en valor la Terminal, y que sea un lugar digno para los trabajadores, necochenses y turistas\u201d, afirm\u00f3 la secretaria de Gobierno, Gabriela G\u00f3ngora.<\/strong><\/p>\n<p>En el aire de \u201cVoces de la Ciudad\u201d, la funcionaria destac\u00f3 que si bien se gestiona a la espera de concretar convenios con Naci\u00f3n o Provincia que permitan ir hacia la reforma integral de la Terminal de \u00d3mnibus, era sumamente importante realizar una r\u00e1pida puesta en valor del lugar, teniendo en cuenta que actualmente es de potestad municipal y que la llegada de las vacaciones de invierno con turistas es inminente.<\/p>\n<p>\u201cTomamos posesi\u00f3n de la Terminal hace un par de meses, y lo primero que hicimos fue designar seguridad y citar a cada una de las personas que trabajan all\u00ed para ponernos en autos de la situaci\u00f3n. Hab\u00eda una cooperativa, la cual se disolvi\u00f3 y nosotros tomamos posesi\u00f3n\u201d, describi\u00f3 al principio ante la consulta del periodista Jorge G\u00f3mez, tras lo cual afirm\u00f3 que \u201cla directiva clara del Intendente Arturo Rojas es poner en valor la Terminal, y que sea un lugar digno para los trabajadores, necochenses y turistas\u201d.<\/p>\n<p>\u201cEl estado de la terminal no reflejaba nuestras pol\u00edticas, y por eso tomamos la decisi\u00f3n de avanzar r\u00e1pidamente, teniendo en cuenta las vacaciones de invierno que ya comienzan\u201d, a\u00f1adi\u00f3.<\/p>\n<p>Y ampli\u00f3 diciendo que \u201cya tendr\u00edamos este viernes la calefacci\u00f3n funcionando, adem\u00e1s de que se hizo una mejora estructural de los ba\u00f1os, que estaban en muy mal estado; se hizo el sistema el\u00e9ctrico con iluminaci\u00f3n nueva en los sanitarios y en las d\u00e1rsenas, pintura; refuerzo de las guardias de limpieza, ahora hay dos, e incluso una oficina municipal ir\u00e1 a funcionar all\u00ed y habr\u00e1 personal administrativo de la terminal, m\u00e1s personal de Turismo\u201d, enumer\u00f3.<\/p>\n","protected":false},"excerpt":{"rendered":"<p>\u201cLa directiva clara del Intendente es poner en valor la Terminal, y que sea un lugar digno para los trabajadores, necochenses y turistas\u201d, afirm\u00f3 la secretaria de Gobierno, Gabriela G\u00f3ngora. En el aire de \u201cVoces de la Ciudad\u201d, la funcionaria destac\u00f3 que si bien se gestiona a la espera de concretar convenios con Naci\u00f3n o [&hellip;]<\/p>\n","protected":false},"author":3,"featured_media":91653,"comment_status":"closed","ping_status":"closed","sticky":false,"template":"","format":"standard","meta":{"footnotes":""},"categories":[3],"tags":[],"class_list":["post-91652","post","type-post","status-publish","format-standard","has-post-thumbnail","category-masnoticias"],"_links":{"self":[{"href":"https:\/\/primicias2262.com\/noticias\/wp-json\/wp\/v2\/posts\/91652","targetHints":{"allow":["GET"]}}],"collection":[{"href":"https:\/\/primicias2262.com\/noticias\/wp-json\/wp\/v2\/posts"}],"about":[{"href":"https:\/\/primicias2262.com\/noticias\/wp-json\/wp\/v2\/types\/post"}],"author":[{"embeddable":true,"href":"https:\/\/primicias2262.com\/noticias\/wp-json\/wp\/v2\/users\/3"}],"replies":[{"embeddable":true,"href":"https:\/\/primicias2262.com\/noticias\/wp-json\/wp\/v2\/comments?post=91652"}],"version-history":[{"count":0,"href":"https:\/\/primicias2262.com\/noticias\/wp-json\/wp\/v2\/posts\/91652\/revisions"}],"wp:attachment":[{"href":"https:\/\/primicias2262.com\/noticias\/wp-json\/wp\/v2\/media?parent=91652"}],"wp:term":[{"taxonomy":"category","embeddable":true,"href":"https:\/\/primicias2262.com\/noticias\/wp-json\/wp\/v2\/categories?post=91652"},{"taxonomy":"post_tag","embeddable":true,"href":"https:\/\/primicias2262.com\/noticias\/wp-json\/wp\/v2\/tags?post=91652"}],"curies":[{"name":"wp","href":"https:\/\/api.w.org\/{rel}","templated":true}]}}