{"id":91655,"date":"2022-07-14T14:18:35","date_gmt":"2022-07-14T17:18:35","guid":{"rendered":"https:\/\/primicias2262.com\/?p=91655"},"modified":"2022-07-14T14:18:35","modified_gmt":"2022-07-14T17:18:35","slug":"por-suerte-la-carne-vacuna-no-aumento-informo-el-empresario-gabriel-vallejos","status":"publish","type":"post","link":"https:\/\/primicias2262.com\/noticias\/por-suerte-la-carne-vacuna-no-aumento-informo-el-empresario-gabriel-vallejos\/","title":{"rendered":"\u201cPor suerte la carne vacuna no aument\u00f3\u201d, inform\u00f3 el empresario Gabriel Vallejos"},"content":{"rendered":"<p>Gabriel Vallejos, de \u201cCarnicer\u00eda al Corte\u201d traz\u00f3 un panorama de c\u00f3mo se ha mantenido el rubro c\u00e1rnico en medio de dos semanas de dif\u00edcil contexto econ\u00f3mico en el pa\u00eds.<\/p>\n<p>Al ser consultado por el periodista Jorge G\u00f3mez en \u201cVoces de la Ciudad\u201d, el empresario asegur\u00f3 que \u201cpor suerte la carne vacuna no aument\u00f3 despu\u00e9s de estas dos semanas complicadas y se mantuvo. Lo que s\u00ed aument\u00f3 un 8% es el cerdo, aunque se consume mucho porque la carne de cerdo es muy buena, no tiene casi grasa y vale 300 pesos menos el kilo que la de vaca\u201d.<\/p>\n<p>En cuanto a los precios actuales, inform\u00f3 que \u201c1100 y 1200 pesos est\u00e1n los cortes para milanesas, lo mismo para el asado, y 1300 el vac\u00edo que es un poco m\u00e1s caro\u201d, mientras que puede haber ofertas como la paleta a 990 pesos\u201d.<\/p>\n<p>Vallejos destac\u00f3 al instante que \u201cya hace un mes y pico que estamos con estos precios\u201d, y explic\u00f3 en tal sentido que \u201cla carne se basa en que no aumenta tan seguido como los comestibles, pero cuando aumenta lo hace entre un 20 y un 30%. En cambio los comestibles un 3, 4 o 7%, y hace que se vaya viendo m\u00e1s r\u00e1pido el cambio en las g\u00f3ndolas\u201d.<\/p>\n<p>Sin embargo, se\u00f1al\u00f3 que \u201ccuando tenemos estos grandes aumentos en general, la gente compra menos carne y se nota en el mostrador, b\u00e1sicamente porque cada vez le rinde menos el sueldo\u201d.<\/p>\n","protected":false},"excerpt":{"rendered":"<p>Gabriel Vallejos, de \u201cCarnicer\u00eda al Corte\u201d traz\u00f3 un panorama de c\u00f3mo se ha mantenido el rubro c\u00e1rnico en medio de dos semanas de dif\u00edcil contexto econ\u00f3mico en el pa\u00eds. Al ser consultado por el periodista Jorge G\u00f3mez en \u201cVoces de la Ciudad\u201d, el empresario asegur\u00f3 que \u201cpor suerte la carne vacuna no aument\u00f3 despu\u00e9s de [&hellip;]<\/p>\n","protected":false},"author":3,"featured_media":77515,"comment_status":"closed","ping_status":"closed","sticky":false,"template":"","format":"standard","meta":{"footnotes":""},"categories":[3],"tags":[],"class_list":["post-91655","post","type-post","status-publish","format-standard","has-post-thumbnail","category-masnoticias"],"_links":{"self":[{"href":"https:\/\/primicias2262.com\/noticias\/wp-json\/wp\/v2\/posts\/91655","targetHints":{"allow":["GET"]}}],"collection":[{"href":"https:\/\/primicias2262.com\/noticias\/wp-json\/wp\/v2\/posts"}],"about":[{"href":"https:\/\/primicias2262.com\/noticias\/wp-json\/wp\/v2\/types\/post"}],"author":[{"embeddable":true,"href":"https:\/\/primicias2262.com\/noticias\/wp-json\/wp\/v2\/users\/3"}],"replies":[{"embeddable":true,"href":"https:\/\/primicias2262.com\/noticias\/wp-json\/wp\/v2\/comments?post=91655"}],"version-history":[{"count":0,"href":"https:\/\/primicias2262.com\/noticias\/wp-json\/wp\/v2\/posts\/91655\/revisions"}],"wp:attachment":[{"href":"https:\/\/primicias2262.com\/noticias\/wp-json\/wp\/v2\/media?parent=91655"}],"wp:term":[{"taxonomy":"category","embeddable":true,"href":"https:\/\/primicias2262.com\/noticias\/wp-json\/wp\/v2\/categories?post=91655"},{"taxonomy":"post_tag","embeddable":true,"href":"https:\/\/primicias2262.com\/noticias\/wp-json\/wp\/v2\/tags?post=91655"}],"curies":[{"name":"wp","href":"https:\/\/api.w.org\/{rel}","templated":true}]}}