{"id":91676,"date":"2022-07-14T19:07:46","date_gmt":"2022-07-14T22:07:46","guid":{"rendered":"https:\/\/primicias2262.com\/?p=91676"},"modified":"2022-07-14T19:07:46","modified_gmt":"2022-07-14T22:07:46","slug":"la-paritaria-municipal-se-cerro-en-un-62-de-incremento-salarial-no-acumulativo","status":"publish","type":"post","link":"https:\/\/primicias2262.com\/noticias\/la-paritaria-municipal-se-cerro-en-un-62-de-incremento-salarial-no-acumulativo\/","title":{"rendered":"La paritaria municipal se cerr\u00f3 en un 62% de incremento salarial no acumulativo"},"content":{"rendered":"<p><strong>Despu\u00e9s de varias negociaciones qued\u00f3 determinado, con sello y firma, que con el salario de julio se abonar\u00e1 un incremento del 17%, en octubre otro 14% y en diciembre el 14% final, para arribar as\u00ed al n\u00famero definitorio, teniendo en cuenta que en abril ya se abon\u00f3 un 17%. <\/strong><\/p>\n<p><strong>Conformidad de los gremios con que el aumento se termine de pagar en el \u00faltimo mes del a\u00f1o y no en enero del 2023. Adem\u00e1s, los empleados que tienen una carga de 30 horas semanales ir\u00e1n pasando de manera progresiva a 40 horas.<\/strong><\/p>\n<p>El intendente Arturo Rojas y los gremios STM, ATE y la Asociaci\u00f3n de Guardavidas que nuclean a los trabajadores municipales, arribaron a un acuerdo en el marco de las paritarias 2022, oportunidad en la que qued\u00f3 establecido un incremento salarial final del 62% no acumulativo, como as\u00ed tambi\u00e9n el pase de 30 a 40 horas semanales de manera progresiva para los empleados que est\u00e9n en dicha situaci\u00f3n y el compromiso de volver a abrir el di\u00e1logo paritario en enero del 2023.<\/p>\n<p>En cuanto al presente a\u00f1o, y teniendo en cuenta que ya se percibi\u00f3 un aumento de 17% con los sueldos de abril, qued\u00f3 definido que el resto se dividir\u00e1 de la siguiente forma: otro incremento del 17% en el mes de julio, un 14% en octubre y otro 14% en diciembre, este \u00faltimo condicionado a la aprobaci\u00f3n del presupuesto 2023 en el HCD.<\/p>\n<p>Tras la firma del acuerdo, el secretario Gremial del STM, Gast\u00f3n D\u00edaz, manifest\u00f3 que \u201cdespu\u00e9s de varias reuniones pudimos acordar en base a las \u00faltimas propuestas que nos hizo el Ejecutivo, quien accedi\u00f3 al pedido de que el \u00faltimo tramo se abone en diciembre y no en enero\u201d al tiempo que defini\u00f3 que \u201chay un contexto dif\u00edcil para todos y, en ese aspecto, entendemos al Ejecutivo, pero tenemos trabajadores con salarios bajos y esa es una realidad\u201d.<\/p>\n<p>Por su parte, Claudia Van der Vluet, secretaria adjunta de ATE, agreg\u00f3 que \u201cestamos satisfechos m\u00e1s que nada con que la paritaria se cierre en diciembre, y eso la verdad que fue un logro de todos los sindicatos\u201d para se\u00f1alar por \u00faltimo que \u201csi bien hubo alguna disconformidad en asamblea creemos que el acuerdo est\u00e1 bien, con la promesa del Intendente de que si este proceso inflacionario se dispara estos meses nos volveremos a sentar este mismo a\u00f1o\u201d.<\/p>\n","protected":false},"excerpt":{"rendered":"<p>Despu\u00e9s de varias negociaciones qued\u00f3 determinado, con sello y firma, que con el salario de julio se abonar\u00e1 un incremento del 17%, en octubre otro 14% y en diciembre el 14% final, para arribar as\u00ed al n\u00famero definitorio, teniendo en cuenta que en abril ya se abon\u00f3 un 17%. Conformidad de los gremios con que [&hellip;]<\/p>\n","protected":false},"author":3,"featured_media":91678,"comment_status":"closed","ping_status":"closed","sticky":false,"template":"","format":"standard","meta":{"footnotes":""},"categories":[3],"tags":[],"class_list":["post-91676","post","type-post","status-publish","format-standard","has-post-thumbnail","category-masnoticias"],"_links":{"self":[{"href":"https:\/\/primicias2262.com\/noticias\/wp-json\/wp\/v2\/posts\/91676","targetHints":{"allow":["GET"]}}],"collection":[{"href":"https:\/\/primicias2262.com\/noticias\/wp-json\/wp\/v2\/posts"}],"about":[{"href":"https:\/\/primicias2262.com\/noticias\/wp-json\/wp\/v2\/types\/post"}],"author":[{"embeddable":true,"href":"https:\/\/primicias2262.com\/noticias\/wp-json\/wp\/v2\/users\/3"}],"replies":[{"embeddable":true,"href":"https:\/\/primicias2262.com\/noticias\/wp-json\/wp\/v2\/comments?post=91676"}],"version-history":[{"count":0,"href":"https:\/\/primicias2262.com\/noticias\/wp-json\/wp\/v2\/posts\/91676\/revisions"}],"wp:attachment":[{"href":"https:\/\/primicias2262.com\/noticias\/wp-json\/wp\/v2\/media?parent=91676"}],"wp:term":[{"taxonomy":"category","embeddable":true,"href":"https:\/\/primicias2262.com\/noticias\/wp-json\/wp\/v2\/categories?post=91676"},{"taxonomy":"post_tag","embeddable":true,"href":"https:\/\/primicias2262.com\/noticias\/wp-json\/wp\/v2\/tags?post=91676"}],"curies":[{"name":"wp","href":"https:\/\/api.w.org\/{rel}","templated":true}]}}