{"id":91682,"date":"2022-07-15T12:57:54","date_gmt":"2022-07-15T15:57:54","guid":{"rendered":"https:\/\/primicias2262.com\/?p=91682"},"modified":"2022-07-15T12:57:54","modified_gmt":"2022-07-15T15:57:54","slug":"gaston-diaz-despues-de-tantas-idas-y-vueltas-hemos-podido-cerrar-este-aumento","status":"publish","type":"post","link":"https:\/\/primicias2262.com\/noticias\/gaston-diaz-despues-de-tantas-idas-y-vueltas-hemos-podido-cerrar-este-aumento\/","title":{"rendered":"Gast\u00f3n D\u00edaz: \u201cDespu\u00e9s de tantas idas y vueltas hemos podido cerrar este aumento\u201d"},"content":{"rendered":"<p>As\u00ed lo expres\u00f3 el secretario adjunto del Sindicato de Trabajadores Municipales, Gast\u00f3n D\u00edaz, en referencia al 62% no acumulativo m\u00e1s el incremento de 30 a 40 horas para un grupo de trabajadores, seg\u00fan el acuerdo al que se lleg\u00f3 esta semana con el Departamento Ejecutivo Municipal.<\/p>\n<p>En el aire de \u201cVoces de la Ciudad\u201d, D\u00edaz expres\u00f3 aliviado que \u201cdespu\u00e9s de tantas idas y vueltas hemos podido cerrar este aumento, este 62% lo pudimos incorporar al \u00faltimo tramo de lo que era el a\u00f1o, y accedieron a que este \u00faltimo tramo que correspond\u00eda a enero sea para diciembre, as\u00ed que cerramos un 62% anual con una revisi\u00f3n pactada para enero de 2023\u201d.<\/p>\n<p>Vale apuntar que del 62%, un tramo de 17% ya se percibi\u00f3 en abril, otro 17% se percibir\u00e1 a fin de julio y habr\u00e1 dos tramos de 14% en octubre y diciembre. \u201cYa recibimos un tramo y este mes percibiremos otro, y a su vez habr\u00e1 una revisi\u00f3n en enero\u201d, se\u00f1al\u00f3 D\u00edaz, marcando como aliciente ante un proceso inflacionario que genera incertidumbre que \u201cya sabe el Intendente que si esto explota vamos a estar nosotros sentados ah\u00ed y \u00e9l estar\u00e1 en la Provincia buscando alg\u00fan tipo salvataje\u201d.<\/p>\n<p>Acerca de ese tema, es v\u00e1lido aclarar que mientras cerraban el acuerdo en horas de la tarde del jueves, se daba a conocer una inflaci\u00f3n del 5,3% de junio. \u201cQued\u00f3 bien claro de ambas partes que si hay que sentarse de nuevo se renegociar\u00e1 y se buscar\u00e1 de qu\u00e9 manera se pueden actualizar los salarios\u201d, aclar\u00f3 D\u00edaz, argumentando que \u201ces insostenible seguir viviendo as\u00ed, ojala que a nivel nacional le puedan encontrar la vuelta porque no hay forma de subsistir, aunque consigui\u00e9ramos un s\u00faper aumento mucho m\u00e1s grande, tambi\u00e9n te lo terminar\u00eda comiendo la inflaci\u00f3n\u201d.<\/p>\n<p>Finalmente, asever\u00f3 que \u201crespecto al pase de los compa\u00f1eros de 30 a 40 horas nosotros volvimos a plantear que no correspond\u00eda meterlo en la negociaci\u00f3n, que ya hab\u00eda un acuerdo previo de la paritaria anterior donde progresivamente iban a ir pasando a compa\u00f1eros, y no se habr\u00e1 dado para los 200, pero alg\u00fan grupo de compa\u00f1eros va a pasar de 30 a 40 horas\u201d, sintetiz\u00f3.<\/p>\n","protected":false},"excerpt":{"rendered":"<p>As\u00ed lo expres\u00f3 el secretario adjunto del Sindicato de Trabajadores Municipales, Gast\u00f3n D\u00edaz, en referencia al 62% no acumulativo m\u00e1s el incremento de 30 a 40 horas para un grupo de trabajadores, seg\u00fan el acuerdo al que se lleg\u00f3 esta semana con el Departamento Ejecutivo Municipal. En el aire de \u201cVoces de la Ciudad\u201d, D\u00edaz [&hellip;]<\/p>\n","protected":false},"author":3,"featured_media":91683,"comment_status":"closed","ping_status":"closed","sticky":false,"template":"","format":"standard","meta":{"footnotes":""},"categories":[3],"tags":[],"class_list":["post-91682","post","type-post","status-publish","format-standard","has-post-thumbnail","category-masnoticias"],"_links":{"self":[{"href":"https:\/\/primicias2262.com\/noticias\/wp-json\/wp\/v2\/posts\/91682","targetHints":{"allow":["GET"]}}],"collection":[{"href":"https:\/\/primicias2262.com\/noticias\/wp-json\/wp\/v2\/posts"}],"about":[{"href":"https:\/\/primicias2262.com\/noticias\/wp-json\/wp\/v2\/types\/post"}],"author":[{"embeddable":true,"href":"https:\/\/primicias2262.com\/noticias\/wp-json\/wp\/v2\/users\/3"}],"replies":[{"embeddable":true,"href":"https:\/\/primicias2262.com\/noticias\/wp-json\/wp\/v2\/comments?post=91682"}],"version-history":[{"count":0,"href":"https:\/\/primicias2262.com\/noticias\/wp-json\/wp\/v2\/posts\/91682\/revisions"}],"wp:attachment":[{"href":"https:\/\/primicias2262.com\/noticias\/wp-json\/wp\/v2\/media?parent=91682"}],"wp:term":[{"taxonomy":"category","embeddable":true,"href":"https:\/\/primicias2262.com\/noticias\/wp-json\/wp\/v2\/categories?post=91682"},{"taxonomy":"post_tag","embeddable":true,"href":"https:\/\/primicias2262.com\/noticias\/wp-json\/wp\/v2\/tags?post=91682"}],"curies":[{"name":"wp","href":"https:\/\/api.w.org\/{rel}","templated":true}]}}