{"id":91685,"date":"2022-07-15T13:01:39","date_gmt":"2022-07-15T16:01:39","guid":{"rendered":"https:\/\/primicias2262.com\/?p=91685"},"modified":"2022-07-15T13:01:39","modified_gmt":"2022-07-15T16:01:39","slug":"rojas-tenemos-un-municipio-que-viene-dando-respuestas-y-la-idea-es-no-bajar-el-ritmo","status":"publish","type":"post","link":"https:\/\/primicias2262.com\/noticias\/rojas-tenemos-un-municipio-que-viene-dando-respuestas-y-la-idea-es-no-bajar-el-ritmo\/","title":{"rendered":"Rojas: \u201cTenemos un municipio que viene dando respuestas y la idea es no bajar el ritmo\u201d"},"content":{"rendered":"<p>As\u00ed lo expres\u00f3 el intendente Arturo Rojas en el aire de \u201cVoces de la Ciudad\u201d, alertando que el proceso inflacionario no s\u00f3lo va en detrimento de la gente con m\u00e1s bajos recursos, sino tambi\u00e9n del municipio.<\/p>\n<p>En di\u00e1logo con el periodista Jorge G\u00f3mez, el jefe comunal se refiri\u00f3 al contexto econ\u00f3mico nacional actual que \u201ces bravo porque la inflaci\u00f3n no s\u00f3lo golpea el bolsillo de los trabajadores, sino al Estado Municipal\u00bb.<\/p>\n<p>\u00abNos afecta directamente, estamos en un proceso de discusi\u00f3n de paritaria, mejorando sustancialmente la propuesta a los trabajadores, pero adem\u00e1s el municipio tiene que prestar servicios, no solo pagar salarios, y si no prestamos servicios la gente deja de pagar las tasas\u201d, enfatiz\u00f3.<\/p>\n<p>Fue all\u00ed que sostuvo que \u201ctenemos un municipio que viene dando respuesta y la idea es no bajar el ritmo\u201d, y argument\u00f3 al respecto que \u201ccomenz\u00f3 la obra de la pista de atletismo, y ya iniciaremos con la reconstrucci\u00f3n del Centro de Salud Norte, el Polideportivo de 98 y 67; y a su vez estamos licitando la bicisenda de 10, desde 117 a 155, y hoy llega una pala cargadora, mientras que estamos pr\u00f3ximos a iniciar procesos para la compra de una motoniveladora y desosbtructor\u201d, entre otras obras de asfalto, agua, cloacas y pluviales que cursan en simult\u00e1neo.<\/p>\n<p>Finalmente respecto al tema inflaci\u00f3n, Rojas anticip\u00f3 que \u201ctenemos elaborada la Fiscal Impositiva para el a\u00f1o pr\u00f3ximo, s\u00f3lo falta poner porcentaje, pero vamos a esperar un poco porque no sabemos qu\u00e9 va a pasar a dos o tres meses\u201d.<\/p>\n","protected":false},"excerpt":{"rendered":"<p>As\u00ed lo expres\u00f3 el intendente Arturo Rojas en el aire de \u201cVoces de la Ciudad\u201d, alertando que el proceso inflacionario no s\u00f3lo va en detrimento de la gente con m\u00e1s bajos recursos, sino tambi\u00e9n del municipio. En di\u00e1logo con el periodista Jorge G\u00f3mez, el jefe comunal se refiri\u00f3 al contexto econ\u00f3mico nacional actual que \u201ces [&hellip;]<\/p>\n","protected":false},"author":3,"featured_media":87021,"comment_status":"closed","ping_status":"closed","sticky":false,"template":"","format":"standard","meta":{"footnotes":""},"categories":[3],"tags":[],"class_list":["post-91685","post","type-post","status-publish","format-standard","has-post-thumbnail","category-masnoticias"],"_links":{"self":[{"href":"https:\/\/primicias2262.com\/noticias\/wp-json\/wp\/v2\/posts\/91685","targetHints":{"allow":["GET"]}}],"collection":[{"href":"https:\/\/primicias2262.com\/noticias\/wp-json\/wp\/v2\/posts"}],"about":[{"href":"https:\/\/primicias2262.com\/noticias\/wp-json\/wp\/v2\/types\/post"}],"author":[{"embeddable":true,"href":"https:\/\/primicias2262.com\/noticias\/wp-json\/wp\/v2\/users\/3"}],"replies":[{"embeddable":true,"href":"https:\/\/primicias2262.com\/noticias\/wp-json\/wp\/v2\/comments?post=91685"}],"version-history":[{"count":0,"href":"https:\/\/primicias2262.com\/noticias\/wp-json\/wp\/v2\/posts\/91685\/revisions"}],"wp:attachment":[{"href":"https:\/\/primicias2262.com\/noticias\/wp-json\/wp\/v2\/media?parent=91685"}],"wp:term":[{"taxonomy":"category","embeddable":true,"href":"https:\/\/primicias2262.com\/noticias\/wp-json\/wp\/v2\/categories?post=91685"},{"taxonomy":"post_tag","embeddable":true,"href":"https:\/\/primicias2262.com\/noticias\/wp-json\/wp\/v2\/tags?post=91685"}],"curies":[{"name":"wp","href":"https:\/\/api.w.org\/{rel}","templated":true}]}}