{"id":91686,"date":"2022-07-15T13:03:43","date_gmt":"2022-07-15T16:03:43","guid":{"rendered":"https:\/\/primicias2262.com\/?p=91686"},"modified":"2022-07-15T13:03:43","modified_gmt":"2022-07-15T16:03:43","slug":"llega-la-cuarta-edicion-del-festival-de-la-cerveza-artesanal-en-el-ccn-bpaf","status":"publish","type":"post","link":"https:\/\/primicias2262.com\/noticias\/llega-la-cuarta-edicion-del-festival-de-la-cerveza-artesanal-en-el-ccn-bpaf\/","title":{"rendered":"Llega la cuarta edici\u00f3n del Festival de la Cerveza Artesanal en el CCN\/BPAF"},"content":{"rendered":"<p><strong>El \u201cInvierno Fest\u201d se realizar\u00e1 este s\u00e1bado 16 a partir de las 20 horas, con la participaci\u00f3n de cuatro cerveceros artesanales de la ciudad.<\/strong><\/p>\n<p>La cuarta edici\u00f3n del Festival de la Cerveza Artesanal \u201cInvierno Fest\u201d se realizar\u00e1 este s\u00e1bado a partir de las 20 en el Centro Cultural Necochea Biblioteca Popular Andr\u00e9s Ferreyra. \u201cEs un trabajo conjunto con un grupo de cerveceros artesanales locales\u201d, explic\u00f3 el director de la instituci\u00f3n, Alberto Franco, quien destac\u00f3 que \u00e9sta fiesta, \u201cfigura dentro de nuestro calendario de eventos anuales, a beneficio del Centro Cultural\u201d.<\/p>\n<p>Franco se\u00f1al\u00f3 adem\u00e1s que \u201clo utilizamos para diversificar la agenda de eventos, ampliar la circulaci\u00f3n de p\u00fablico, es decir, de usuarios que quiz\u00e1s habitualmente no concurren a otras actividades\u201d. Sin embargo, \u201ccon este evento, conocen las instalaciones, se enteran de la agenda permanente, es un momento de reencuentro\u201d.<\/p>\n<p>El s\u00e1bado habr\u00e1 stand de cerveceros, gastron\u00f3micos, adem\u00e1s de bandas en vivo y DJ. \u201cSe ocupar\u00e1 toda la planta baja, desde el hall de entrada, el sal\u00f3n Multiespacio, el auditorio, el caf\u00e9\u201d, que \u201cal ser en un espacio cultural, permitir\u00e1 transitar por distintas muestras que ya est\u00e1n instaladas\u201d.<\/p>\n<p>La entrada es un bono contribuci\u00f3n a beneficio del Centro Cultural Necochea Biblioteca Popular Andr\u00e9s Ferreyra, y se puede adquirir en la instituci\u00f3n ubicada en calle 54 entre 61 y63, o bien en otros puntos de venta: 12 brujas (52 N\u00b0 3351), Vieja Estaci\u00f3n (87 N\u00b0 283), Geiser (63 N\u00b0 1302) Bar Rex (62 entre 61 y 63).<\/p>\n","protected":false},"excerpt":{"rendered":"<p>El \u201cInvierno Fest\u201d se realizar\u00e1 este s\u00e1bado 16 a partir de las 20 horas, con la participaci\u00f3n de cuatro cerveceros artesanales de la ciudad. La cuarta edici\u00f3n del Festival de la Cerveza Artesanal \u201cInvierno Fest\u201d se realizar\u00e1 este s\u00e1bado a partir de las 20 en el Centro Cultural Necochea Biblioteca Popular Andr\u00e9s Ferreyra. \u201cEs un [&hellip;]<\/p>\n","protected":false},"author":3,"featured_media":91688,"comment_status":"closed","ping_status":"closed","sticky":false,"template":"","format":"standard","meta":{"footnotes":""},"categories":[3],"tags":[],"class_list":["post-91686","post","type-post","status-publish","format-standard","has-post-thumbnail","category-masnoticias"],"_links":{"self":[{"href":"https:\/\/primicias2262.com\/noticias\/wp-json\/wp\/v2\/posts\/91686","targetHints":{"allow":["GET"]}}],"collection":[{"href":"https:\/\/primicias2262.com\/noticias\/wp-json\/wp\/v2\/posts"}],"about":[{"href":"https:\/\/primicias2262.com\/noticias\/wp-json\/wp\/v2\/types\/post"}],"author":[{"embeddable":true,"href":"https:\/\/primicias2262.com\/noticias\/wp-json\/wp\/v2\/users\/3"}],"replies":[{"embeddable":true,"href":"https:\/\/primicias2262.com\/noticias\/wp-json\/wp\/v2\/comments?post=91686"}],"version-history":[{"count":0,"href":"https:\/\/primicias2262.com\/noticias\/wp-json\/wp\/v2\/posts\/91686\/revisions"}],"wp:attachment":[{"href":"https:\/\/primicias2262.com\/noticias\/wp-json\/wp\/v2\/media?parent=91686"}],"wp:term":[{"taxonomy":"category","embeddable":true,"href":"https:\/\/primicias2262.com\/noticias\/wp-json\/wp\/v2\/categories?post=91686"},{"taxonomy":"post_tag","embeddable":true,"href":"https:\/\/primicias2262.com\/noticias\/wp-json\/wp\/v2\/tags?post=91686"}],"curies":[{"name":"wp","href":"https:\/\/api.w.org\/{rel}","templated":true}]}}