{"id":91718,"date":"2022-07-16T17:42:43","date_gmt":"2022-07-16T20:42:43","guid":{"rendered":"https:\/\/primicias2262.com\/?p=91718"},"modified":"2022-07-16T17:42:43","modified_gmt":"2022-07-16T20:42:43","slug":"cruz-roja-abrio-el-curso-de-auxiliar-de-farmacia-y-el-mes-que-viene-inicia-el-de-secretariado-medico","status":"publish","type":"post","link":"https:\/\/primicias2262.com\/noticias\/cruz-roja-abrio-el-curso-de-auxiliar-de-farmacia-y-el-mes-que-viene-inicia-el-de-secretariado-medico\/","title":{"rendered":"Cruz Roja abri\u00f3 el curso de Auxiliar de Farmacia y el mes que viene inicia el de Secretariado M\u00e9dico"},"content":{"rendered":"<p>Con una amplia masa de voluntarios, la filial de Cruz Roja Argentina en Necochea, presidida por Marcelo Bolado, mantiene una asidua relaci\u00f3n con la comunidad y adem\u00e1s de sus cursos de RCP y Primeros Auxilios este a\u00f1o comenz\u00f3 a sumar nuevos espacios de formaci\u00f3n.<\/p>\n<p>Quien es la coordinadora local de Cruz Roja, Bianca Steffen, visit\u00f3 los estudios de \u201cVoces de la Ciudad\u201d y contextualiz\u00f3 que \u201choy somos unos 80 voluntarios, hemos ido creciendo y somos un grupo numeroso. Tenemos diferentes l\u00edneas de trabajo y de acuerdo a la motivaci\u00f3n de cada persona que se va sumando elige una u otra actividad\u201d.<\/p>\n<p>Describi\u00f3 acto seguido que \u201ctenemos varias l\u00edneas de acci\u00f3n que venimos llevando a cabo en la ciudad y en el interior y es muy sencillo sumarse como voluntario: el \u00fanico requisito es ser mayor de 16 a\u00f1os, una vez que cumplen esa edad pueden acercarse a la filial (calle 57 entre 62 y 64), donde una vez por mes damos una charla informativa en la que contamos qu\u00e9 hacemos y qui\u00e9nes somos para ver si les interesa, y si se sienten a gusto empiezan un proceso de formaci\u00f3n, con cursos virtuales y capacitaciones brindadas por nosotros\u201d.<\/p>\n<p>Al instante, inform\u00f3 acerca de las novedades de la filial: \u201cEste mes empezamos con una propuesta que es el curso de auxiliar de farmacia, dura 5 meses y es la primera vez que lo brindamos en nuestra filial. Comenz\u00f3 la semana pasada con una muy buena convocatoria, cerca de 30 personas est\u00e1n cursando\u201d, al tiempo que anticip\u00f3 que \u201cel pr\u00f3ximo mes, tambi\u00e9n por primera vez en nuestra filial, vamos a comenzar el curso de Secretariado M\u00e9dico, con una duraci\u00f3n de cuatro meses, el requisito para poder cursarlo es ser mayor de 18 a\u00f1os y tener el secundario completo\u201d.<\/p>\n<p>Vale destacar que, estos dos nuevos espacios de formaci\u00f3n, se suman a los cursos de RCP y Primeros Auxilios b\u00e1sicos, que se dan una vez al mes cada uno, tambi\u00e9n en la sede de la Cruz Roja local y son abiertos a la comunidad, con un \u00fanico requisito que es ser mayor de 14 a\u00f1os.<\/p>\n<p>Como si fuera poco, Steffen inform\u00f3 que \u201cadem\u00e1s estamos con un proyecto en escuelas rurales, donde trabajamos gesti\u00f3n de riesgo escolar, lo que tiene que ver con primeros auxilios a docentes y ni\u00f1os para que est\u00e9n preparados para responder a una emergencia que se pueda dar, sabiendo que est\u00e1n alejados del hospital. Estamos trabajando con planes de evacuaci\u00f3n, simulacros, y la idea es poder replicarlo en otras escuelas rurales\u201d.<\/p>\n<p>En tal sentido, y subrayando el estrecho v\u00ednculo con el Estado Municipal, afirm\u00f3 la coordinadora que \u201csomos auxiliares del poder p\u00fablico y por ende cuando ellos nos requieren para determinada tarea, dentro de nuestras posibilidades siempre estamos, se trabaja mucho en conjunto\u201d.<\/p>\n<p>Finalmente, Steffen se\u00f1al\u00f3 que para comunicarse y poder obtener m\u00e1s informaci\u00f3n, la comunidad puede buscarlos en las redes Instagram como @cranecochea y en el Facebook Cruz Roja Argentina Necochea, o bien \u201cir de lunes a viernes de 10 a 14 a la filial, donde estoy informando sobre los cursos\u201d.<\/p>\n","protected":false},"excerpt":{"rendered":"<p>Con una amplia masa de voluntarios, la filial de Cruz Roja Argentina en Necochea, presidida por Marcelo Bolado, mantiene una asidua relaci\u00f3n con la comunidad y adem\u00e1s de sus cursos de RCP y Primeros Auxilios este a\u00f1o comenz\u00f3 a sumar nuevos espacios de formaci\u00f3n. Quien es la coordinadora local de Cruz Roja, Bianca Steffen, visit\u00f3 [&hellip;]<\/p>\n","protected":false},"author":3,"featured_media":91719,"comment_status":"closed","ping_status":"closed","sticky":false,"template":"","format":"standard","meta":{"footnotes":""},"categories":[3],"tags":[],"class_list":["post-91718","post","type-post","status-publish","format-standard","has-post-thumbnail","category-masnoticias"],"_links":{"self":[{"href":"https:\/\/primicias2262.com\/noticias\/wp-json\/wp\/v2\/posts\/91718","targetHints":{"allow":["GET"]}}],"collection":[{"href":"https:\/\/primicias2262.com\/noticias\/wp-json\/wp\/v2\/posts"}],"about":[{"href":"https:\/\/primicias2262.com\/noticias\/wp-json\/wp\/v2\/types\/post"}],"author":[{"embeddable":true,"href":"https:\/\/primicias2262.com\/noticias\/wp-json\/wp\/v2\/users\/3"}],"replies":[{"embeddable":true,"href":"https:\/\/primicias2262.com\/noticias\/wp-json\/wp\/v2\/comments?post=91718"}],"version-history":[{"count":0,"href":"https:\/\/primicias2262.com\/noticias\/wp-json\/wp\/v2\/posts\/91718\/revisions"}],"wp:attachment":[{"href":"https:\/\/primicias2262.com\/noticias\/wp-json\/wp\/v2\/media?parent=91718"}],"wp:term":[{"taxonomy":"category","embeddable":true,"href":"https:\/\/primicias2262.com\/noticias\/wp-json\/wp\/v2\/categories?post=91718"},{"taxonomy":"post_tag","embeddable":true,"href":"https:\/\/primicias2262.com\/noticias\/wp-json\/wp\/v2\/tags?post=91718"}],"curies":[{"name":"wp","href":"https:\/\/api.w.org\/{rel}","templated":true}]}}