{"id":91721,"date":"2022-07-16T17:51:35","date_gmt":"2022-07-16T20:51:35","guid":{"rendered":"https:\/\/primicias2262.com\/?p=91721"},"modified":"2022-07-16T17:51:35","modified_gmt":"2022-07-16T20:51:35","slug":"el-concejal-martinez-adelanto-acciones-para-mejorar-la-seguridad-en-nuestra-ciudad","status":"publish","type":"post","link":"https:\/\/primicias2262.com\/noticias\/el-concejal-martinez-adelanto-acciones-para-mejorar-la-seguridad-en-nuestra-ciudad\/","title":{"rendered":"El concejal Mart\u00ednez adelant\u00f3 acciones para mejorar la seguridad en nuestra ciudad"},"content":{"rendered":"<p>El Concejal de Nueva Necochea, Jorge Mart\u00ednez, quien es presidente de la Comisi\u00f3n de Seguridad del HCD, y sobre esa cuesti\u00f3n fue consultado en \u201cVoces de la Ciudad\u201d, que conduce el periodista Jorge G\u00f3mez, esgrimiendo diferentes acciones que se est\u00e1n desarrollando y otras que est\u00e1n en ciernes con tal de mejorar un tema tan sensible para la ciudadan\u00eda.<\/p>\n<p>Cuanto se le pregunt\u00f3 acerca de una propuesta del bloque de la Uni\u00f3n C\u00edvica Radical, m\u00e1s otros expedientes, sobre el hecho de crear una Comisi\u00f3n Municipal de Seguridad, con integrantes del ejecutivo y HCD para hacer un seguimiento del tema, asegur\u00f3 que se iba a analizar y a\u00f1adi\u00f3\u00a0 que \u201cparalelamente est\u00e1 la idea de reflotar el proyecto del concejal mandato cumplido, Alejandro Iss\u00edn, de incorporar c\u00e1maras del sector privada a la red de monitoreo para anticiparnos un poco a lo que ser\u00e1 la licitaci\u00f3n del \u00e1rea\u201d.<\/p>\n<p>Asimismo, sum\u00f3 que \u201ctambi\u00e9n estamos hablando con Ingresos P\u00fablicos sobre la posibilidad de brindar alguna eximici\u00f3n a la tasa de seguridad, y a su vez tenemos un proyecto de ordenanza que regula la chatarerr\u00eda o aquellos lugares que venden muebles usados\u201d.<\/p>\n<p>En cuanto a monitoreo y lo que marc\u00f3 a la pasada de reflotar el proyecto del exedil Iss\u00edn, puntualiz\u00f3 Mart\u00ednez que \u201cal esfuerzo que est\u00e1 haciendo la Municipalidad, la idea es sumar aquellas c\u00e1maras de seguridad privadas del vecino que est\u00e9n apuntadas hacia la v\u00eda p\u00fablica y sumarlas a este nuevo sistema de monitoreo, algo que se har\u00e1 de manera paulatina\u201d, y la idea \u201ces que esos vecinos puedan tener alg\u00fan tipo de eximici\u00f3n, es algo que se lleva a cabo en otras localidades y con buenos resultados\u201d.<\/p>\n<p>En cuanto al nuevo sistema de monitoreo que encar\u00e1 el Estado Municipal, asegur\u00f3 que \u201cva a permitir tener un mejor control de lo que pasa en la calle, y qu\u00e9 autom\u00f3vil entra a la ciudad mediante la lectora de patentes. Es un sistema moderno que se adec\u00faa a las necesidades que tenemos hoy de prevenci\u00f3n y ser\u00e1 una herramienta muy importante que permita el r\u00e1pido esclarecimiento de cualquier hecho delictivo\u201d.<\/p>\n<p>Asimismo, dej\u00f3 entrever que tanto la Jefatura Departamental como del Ejecutivo elevaron un pedido formal a la Provincia para sumar m\u00e1s efectivos policiales, \u201cporque estamos con un d\u00e9ficit importante de personal policial\u201d, y confirm\u00f3 respecto a m\u00f3viles que \u201cya llegaron fondos y se est\u00e1 trabajando en el primer compromiso con el ministro de Seguridad Sergio Berni, que es la pronta recuperaci\u00f3n de unos 17 m\u00f3viles policiales\u00bb.<\/p>\n<p>Y record\u00f3 que existe \u00abel compromiso del ministro de que una vez cumplida esa tarea, se puedan incorporar diez m\u00f3viles nuevos, as\u00ed que ya se est\u00e1 trabajando en la reparaci\u00f3n inmediata de esos veh\u00edculos por un fondo de casi 16 millones de pesos y despu\u00e9s hay otra suma importante que se destinar\u00e1 a la terminaci\u00f3n de la obra de Caballer\u00eda, m\u00e1s la compra de unos scanners para la Departamental\u201d.<\/p>\n","protected":false},"excerpt":{"rendered":"<p>El Concejal de Nueva Necochea, Jorge Mart\u00ednez, quien es presidente de la Comisi\u00f3n de Seguridad del HCD, y sobre esa cuesti\u00f3n fue consultado en \u201cVoces de la Ciudad\u201d, que conduce el periodista Jorge G\u00f3mez, esgrimiendo diferentes acciones que se est\u00e1n desarrollando y otras que est\u00e1n en ciernes con tal de mejorar un tema tan sensible [&hellip;]<\/p>\n","protected":false},"author":3,"featured_media":80412,"comment_status":"closed","ping_status":"closed","sticky":false,"template":"","format":"standard","meta":{"footnotes":""},"categories":[3],"tags":[],"class_list":["post-91721","post","type-post","status-publish","format-standard","has-post-thumbnail","category-masnoticias"],"_links":{"self":[{"href":"https:\/\/primicias2262.com\/noticias\/wp-json\/wp\/v2\/posts\/91721","targetHints":{"allow":["GET"]}}],"collection":[{"href":"https:\/\/primicias2262.com\/noticias\/wp-json\/wp\/v2\/posts"}],"about":[{"href":"https:\/\/primicias2262.com\/noticias\/wp-json\/wp\/v2\/types\/post"}],"author":[{"embeddable":true,"href":"https:\/\/primicias2262.com\/noticias\/wp-json\/wp\/v2\/users\/3"}],"replies":[{"embeddable":true,"href":"https:\/\/primicias2262.com\/noticias\/wp-json\/wp\/v2\/comments?post=91721"}],"version-history":[{"count":0,"href":"https:\/\/primicias2262.com\/noticias\/wp-json\/wp\/v2\/posts\/91721\/revisions"}],"wp:attachment":[{"href":"https:\/\/primicias2262.com\/noticias\/wp-json\/wp\/v2\/media?parent=91721"}],"wp:term":[{"taxonomy":"category","embeddable":true,"href":"https:\/\/primicias2262.com\/noticias\/wp-json\/wp\/v2\/categories?post=91721"},{"taxonomy":"post_tag","embeddable":true,"href":"https:\/\/primicias2262.com\/noticias\/wp-json\/wp\/v2\/tags?post=91721"}],"curies":[{"name":"wp","href":"https:\/\/api.w.org\/{rel}","templated":true}]}}