{"id":91723,"date":"2022-07-16T17:55:16","date_gmt":"2022-07-16T20:55:16","guid":{"rendered":"https:\/\/primicias2262.com\/?p=91723"},"modified":"2022-07-16T17:55:16","modified_gmt":"2022-07-16T20:55:16","slug":"las-actividades-de-vacaciones-de-invierno-se-concentraran-en-el-teatro-municipal-y-plaza-del-centro","status":"publish","type":"post","link":"https:\/\/primicias2262.com\/noticias\/las-actividades-de-vacaciones-de-invierno-se-concentraran-en-el-teatro-municipal-y-plaza-del-centro\/","title":{"rendered":"Las actividades de vacaciones de invierno se concentrar\u00e1n en el Teatro Municipal y plaza del centro"},"content":{"rendered":"<p>El lunes 18 de julio inicia el receso de invierno para toda la comunidad escolar y en virtud de ello, el funcionario anticip\u00f3 que habr\u00e1 obras en el Teatro Municipal \u201cLuis Sandrini\u201d, en calle 54 entre 61 y 63, y tambi\u00e9n actividades enfrente del municipio con una carpa.<\/p>\n<p>\u201cComo ya es un cl\u00e1sico de las vacaciones de invierno, en el Teatro Municipal tendremos entre dos o tres funciones diarias\u201d, resalt\u00f3 el director de Cultura, Juan Gamba, aclarando que cada funci\u00f3n tendr\u00e1 un costo de 500 pesos y habr\u00e1 artistas que ofrecer\u00e1n volantes de 2&#215;1; mientras que \u201ceste a\u00f1o instalaremos frente al municipio una carpa donde tendremos obras y espect\u00e1culos infantiles gratuitos todos los d\u00edas, a partir de las 15 hasta las 16.30\u201d.<\/p>\n<p>Adem\u00e1s, habr\u00e1 juegos e inflables, todo en la plaza frente al municipio, durante las dos semanas de vacaciones y totalmente gratuito\u201d, ampli\u00f3 el director de Cultura.<\/p>\n","protected":false},"excerpt":{"rendered":"<p>El lunes 18 de julio inicia el receso de invierno para toda la comunidad escolar y en virtud de ello, el funcionario anticip\u00f3 que habr\u00e1 obras en el Teatro Municipal \u201cLuis Sandrini\u201d, en calle 54 entre 61 y 63, y tambi\u00e9n actividades enfrente del municipio con una carpa. \u201cComo ya es un cl\u00e1sico de las [&hellip;]<\/p>\n","protected":false},"author":3,"featured_media":79109,"comment_status":"closed","ping_status":"closed","sticky":false,"template":"","format":"standard","meta":{"footnotes":""},"categories":[3],"tags":[],"class_list":["post-91723","post","type-post","status-publish","format-standard","has-post-thumbnail","category-masnoticias"],"_links":{"self":[{"href":"https:\/\/primicias2262.com\/noticias\/wp-json\/wp\/v2\/posts\/91723","targetHints":{"allow":["GET"]}}],"collection":[{"href":"https:\/\/primicias2262.com\/noticias\/wp-json\/wp\/v2\/posts"}],"about":[{"href":"https:\/\/primicias2262.com\/noticias\/wp-json\/wp\/v2\/types\/post"}],"author":[{"embeddable":true,"href":"https:\/\/primicias2262.com\/noticias\/wp-json\/wp\/v2\/users\/3"}],"replies":[{"embeddable":true,"href":"https:\/\/primicias2262.com\/noticias\/wp-json\/wp\/v2\/comments?post=91723"}],"version-history":[{"count":0,"href":"https:\/\/primicias2262.com\/noticias\/wp-json\/wp\/v2\/posts\/91723\/revisions"}],"wp:attachment":[{"href":"https:\/\/primicias2262.com\/noticias\/wp-json\/wp\/v2\/media?parent=91723"}],"wp:term":[{"taxonomy":"category","embeddable":true,"href":"https:\/\/primicias2262.com\/noticias\/wp-json\/wp\/v2\/categories?post=91723"},{"taxonomy":"post_tag","embeddable":true,"href":"https:\/\/primicias2262.com\/noticias\/wp-json\/wp\/v2\/tags?post=91723"}],"curies":[{"name":"wp","href":"https:\/\/api.w.org\/{rel}","templated":true}]}}