{"id":91739,"date":"2022-07-17T15:54:37","date_gmt":"2022-07-17T18:54:37","guid":{"rendered":"https:\/\/primicias2262.com\/?p=91739"},"modified":"2022-07-17T15:54:37","modified_gmt":"2022-07-17T18:54:37","slug":"paula-arguello-dejara-la-presidencia-del-consejo-escolar-a-partir-del-1o-de-agosto","status":"publish","type":"post","link":"https:\/\/primicias2262.com\/noticias\/paula-arguello-dejara-la-presidencia-del-consejo-escolar-a-partir-del-1o-de-agosto\/","title":{"rendered":"Paula Arg\u00fcello dejar\u00e1 la presidencia del Consejo Escolar a partir del 1\u00ba de agosto"},"content":{"rendered":"<p>Si bien seguir\u00e1 como consejera escolar, la actual presidenta del Consejo Escolar, Paula Arg\u00fcello, anticip\u00f3 que en la sesi\u00f3n ordinaria de dicha instituci\u00f3n expres\u00f3 su deseo de alejarse de la presidencia para atender con m\u00e1s tiempo una cuesti\u00f3n de salud en su familia.<\/p>\n<p>A ser consultada sobre el tema por el periodista Jorge G\u00f3mez con una nota telef\u00f3nica en \u201cVoces de la Ciudad\u201d, argument\u00f3 Paula que \u201ces un cargo que demanda mucho tiempo y empez\u00f3 a pesarme, uno siente como una asfixia porque no puede dar lo que quiere dar. Es un cargo hermoso para el que mis compa\u00f1eros me votaron por unanimidad y estoy s\u00faper agradecida, pero cuando uno entiende que no puede darle el 100% tampoco puede arrastrar a sus compa\u00f1eros en la gesti\u00f3n\u201d.<\/p>\n<p>Explic\u00f3 que \u201ceste a\u00f1o ha sido de mucha demanda para el Consejo Escolar diferente, donde ingresaron muchos montos, vienen muchas obras y donde hay mucha demanda de los establecimientos, y por sobre la balanza necesito un poco m\u00e1s de ox\u00edgeno, por ejemplo si tengo que viajar al m\u00e9dico y no puedo despegarme del tel\u00e9fono. Se sorprendieron mucho mis compa\u00f1eros pero me acompa\u00f1an en la decisi\u00f3n que he tomado\u201d.<\/p>\n<p>Cont\u00f3 que \u201cprimero lo habl\u00e9 con el Intendente (Arturo Rojas), que es mi referente pol\u00edtico y quien me dio la posibilidad de estar en el Consejo Escolar hoy, y a partir de ah\u00ed decirles a todos que me corro de la presidencia, pero voy a seguir siendo consejera y trabajando con mi mismo compromiso como lo iniciamos el 11 de diciembre de 2019, y sigo manejando el SAE (Servicio Alimentario Escolar), que es algo que me encanta\u201d.<\/p>\n<p>Desde lo administrativo, Arg\u00fcello aclar\u00f3 que \u201cmi renuncia al cargo de presidenta fue puesta a disposici\u00f3n a partir del 1\u00ba de agosto, me asesor\u00e9 con la Direcci\u00f3n General de Cultura y Educaci\u00f3n y hemos hecho una pausa en la votaci\u00f3n de las nuevas autoridades porque somos diferentes bloques pol\u00edticos y cada uno debe solicitar el asesoramiento a La Plata y a su mismo referente de c\u00f3mo proseguir y me parece muy correcto\u201d.<\/p>\n<p>Vale informar que el Consejo Escolar est\u00e1 integrado por seis miembros que son electos por el voto popular, cuatro actualmente son de Nueva Necochea (Paula Arg\u00fcello; la vicepresidenta Silvina Jensen Menna, la secretaria Elizabeth Ortega y el tesorero Javier Llona), uno de la UCR \u2013 Juntos (la vocal 2\u00ba Sandra Rodr\u00edguez) y otro del Frente de Todos (la vocal 1\u00ba Jesica Arce).<\/p>\n","protected":false},"excerpt":{"rendered":"<p>Si bien seguir\u00e1 como consejera escolar, la actual presidenta del Consejo Escolar, Paula Arg\u00fcello, anticip\u00f3 que en la sesi\u00f3n ordinaria de dicha instituci\u00f3n expres\u00f3 su deseo de alejarse de la presidencia para atender con m\u00e1s tiempo una cuesti\u00f3n de salud en su familia. A ser consultada sobre el tema por el periodista Jorge G\u00f3mez con [&hellip;]<\/p>\n","protected":false},"author":3,"featured_media":91740,"comment_status":"closed","ping_status":"closed","sticky":false,"template":"","format":"standard","meta":{"footnotes":""},"categories":[3],"tags":[],"class_list":["post-91739","post","type-post","status-publish","format-standard","has-post-thumbnail","category-masnoticias"],"_links":{"self":[{"href":"https:\/\/primicias2262.com\/noticias\/wp-json\/wp\/v2\/posts\/91739","targetHints":{"allow":["GET"]}}],"collection":[{"href":"https:\/\/primicias2262.com\/noticias\/wp-json\/wp\/v2\/posts"}],"about":[{"href":"https:\/\/primicias2262.com\/noticias\/wp-json\/wp\/v2\/types\/post"}],"author":[{"embeddable":true,"href":"https:\/\/primicias2262.com\/noticias\/wp-json\/wp\/v2\/users\/3"}],"replies":[{"embeddable":true,"href":"https:\/\/primicias2262.com\/noticias\/wp-json\/wp\/v2\/comments?post=91739"}],"version-history":[{"count":0,"href":"https:\/\/primicias2262.com\/noticias\/wp-json\/wp\/v2\/posts\/91739\/revisions"}],"wp:attachment":[{"href":"https:\/\/primicias2262.com\/noticias\/wp-json\/wp\/v2\/media?parent=91739"}],"wp:term":[{"taxonomy":"category","embeddable":true,"href":"https:\/\/primicias2262.com\/noticias\/wp-json\/wp\/v2\/categories?post=91739"},{"taxonomy":"post_tag","embeddable":true,"href":"https:\/\/primicias2262.com\/noticias\/wp-json\/wp\/v2\/tags?post=91739"}],"curies":[{"name":"wp","href":"https:\/\/api.w.org\/{rel}","templated":true}]}}