{"id":91751,"date":"2022-07-17T19:40:13","date_gmt":"2022-07-17T22:40:13","guid":{"rendered":"https:\/\/primicias2262.com\/?p=91751"},"modified":"2022-07-17T19:40:13","modified_gmt":"2022-07-17T22:40:13","slug":"luz-y-fuerza-festejara-con-cena-baile-el-dia-del-trabajador-de-la-energia-electrica","status":"publish","type":"post","link":"https:\/\/primicias2262.com\/noticias\/luz-y-fuerza-festejara-con-cena-baile-el-dia-del-trabajador-de-la-energia-electrica\/","title":{"rendered":"Luz y Fuerza festejar\u00e1 con cena baile el D\u00eda del Trabajador de la Energ\u00eda El\u00e9ctrica"},"content":{"rendered":"<p>Si bien el D\u00eda fue el pasado13 de julio, la conducci\u00f3n local de Luz y Fuerza, a cargo de Alejandro N\u00fa\u00f1ez, confirm\u00f3 que el festejo ser\u00e1 con una cena baile el viernes 29 de julio.<\/p>\n<p>En los estudios de \u201cVoces de la Ciudad\u201d, ante la consulta del periodista Jorge G\u00f3mez, el sindicalista confirm\u00f3 que \u201cfestejamos el 29 de julio y tendr\u00e1 la particularidad de ser el a\u00f1o del reencuentro, ya que por la pandemia estuvimos dos a\u00f1os sin poder festejar, y lo haremos en el Polideportivo de la ribera\u201d.<\/p>\n<p>Adem\u00e1s, aclar\u00f3 que este mi\u00e9rcoles 13 (D\u00eda del Trabajador de la Energ\u00eda El\u00e9ctrica) trabajar\u00e1n normalmente y tendr\u00e1n asueto el viernes 15. \u201cCumplimos un aniversario m\u00e1s, festejamos el D\u00eda que nace en 1948, cuando se crea la Federaci\u00f3n Argentina de Trabajadores de Luz y Fuerza con la presencia de 29 sindicatos, al a\u00f1o siguiente fue la primera asamblea ordinaria y ya queda institucionalizado el 13 de julio como D\u00eda del trabajador de la Energ\u00eda El\u00e9ctrica, es una historia larga y rica\u201d, contextualiz\u00f3 N\u00fa\u00f1ez.<\/p>\n<p>A nivel local, record\u00f3 que \u201csomos seccional del sindicato de Mercedes y tenemos 800 afiliados entre activos y jubilados\u201d. Adem\u00e1s del complejo deportivo en la ribera, cuentan con la sede en 51 entre 56 y 54, acerca de lo que revel\u00f3 hist\u00f3ricamente que \u201cnuestra seccional se inaugura en 1967, y anterior a eso estuvo en 56 y 51, frente a la exusina diesel, ah\u00ed comenz\u00f3 la actividad gremial y despu\u00e9s se adquiri\u00f3 la otra casa antigua\u201d, mientras que a inicios de los \u201990 se comenz\u00f3 con el Polideportivo\u201d.<\/p>\n<p>En cuanto a la actualidad, se\u00f1al\u00f3 que \u201cen la organizaci\u00f3n, m\u00e1s all\u00e1 de lo gremial hay una movida social muy grande y los reclamos son variados, en el caso nuestro tenemos una obra social propia que abarca a m\u00e1s de 2500 afiliados en Necochea. Creo que algo que nos ha caracterizado a lo largo de la historia con nuestras diferencias, errores y aciertos es el sistema solidario que tenemos con la organizaci\u00f3n gremial y el contacto directo con el afiliado, en toda la Argentina\u201d.<\/p>\n<p>Asimismo, sostuvo que el contexto del pa\u00eds es muy complejo para cerrar paritarias, y acerca de las empresas en las que est\u00e1n presentes, \u201ccomo Centrales de la Costa Atl\u00e1ntica, lugares donde m\u00e1s trabajadores tenemos\u201d, o en Transba, Enea y Genneia.<\/p>\n<p>Destac\u00f3 que \u201cla relaci\u00f3n sigue siendo la que planteamos en todos los lugares: creemos que el trabajador a trav\u00e9s de su dirigencia gremial tiene que ser part\u00edcipe de las decisiones de la empresa, y la realidad es que Luz y Fuerza ha contribuido mucho al desarrollo del mercado energ\u00e9tico a trav\u00e9s del pa\u00eds\u201d.<\/p>\n","protected":false},"excerpt":{"rendered":"<p>Si bien el D\u00eda fue el pasado13 de julio, la conducci\u00f3n local de Luz y Fuerza, a cargo de Alejandro N\u00fa\u00f1ez, confirm\u00f3 que el festejo ser\u00e1 con una cena baile el viernes 29 de julio. En los estudios de \u201cVoces de la Ciudad\u201d, ante la consulta del periodista Jorge G\u00f3mez, el sindicalista confirm\u00f3 que \u201cfestejamos [&hellip;]<\/p>\n","protected":false},"author":3,"featured_media":91752,"comment_status":"closed","ping_status":"closed","sticky":false,"template":"","format":"standard","meta":{"footnotes":""},"categories":[3],"tags":[],"class_list":["post-91751","post","type-post","status-publish","format-standard","has-post-thumbnail","category-masnoticias"],"_links":{"self":[{"href":"https:\/\/primicias2262.com\/noticias\/wp-json\/wp\/v2\/posts\/91751","targetHints":{"allow":["GET"]}}],"collection":[{"href":"https:\/\/primicias2262.com\/noticias\/wp-json\/wp\/v2\/posts"}],"about":[{"href":"https:\/\/primicias2262.com\/noticias\/wp-json\/wp\/v2\/types\/post"}],"author":[{"embeddable":true,"href":"https:\/\/primicias2262.com\/noticias\/wp-json\/wp\/v2\/users\/3"}],"replies":[{"embeddable":true,"href":"https:\/\/primicias2262.com\/noticias\/wp-json\/wp\/v2\/comments?post=91751"}],"version-history":[{"count":0,"href":"https:\/\/primicias2262.com\/noticias\/wp-json\/wp\/v2\/posts\/91751\/revisions"}],"wp:attachment":[{"href":"https:\/\/primicias2262.com\/noticias\/wp-json\/wp\/v2\/media?parent=91751"}],"wp:term":[{"taxonomy":"category","embeddable":true,"href":"https:\/\/primicias2262.com\/noticias\/wp-json\/wp\/v2\/categories?post=91751"},{"taxonomy":"post_tag","embeddable":true,"href":"https:\/\/primicias2262.com\/noticias\/wp-json\/wp\/v2\/tags?post=91751"}],"curies":[{"name":"wp","href":"https:\/\/api.w.org\/{rel}","templated":true}]}}