{"id":91769,"date":"2022-07-18T15:46:26","date_gmt":"2022-07-18T18:46:26","guid":{"rendered":"https:\/\/primicias2262.com\/?p=91769"},"modified":"2022-07-18T15:46:26","modified_gmt":"2022-07-18T18:46:26","slug":"lescano-no-oculto-sus-ganas-y-dijo-que-puede-ser-precandidato-a-intendente","status":"publish","type":"post","link":"https:\/\/primicias2262.com\/noticias\/lescano-no-oculto-sus-ganas-y-dijo-que-puede-ser-precandidato-a-intendente\/","title":{"rendered":"Lescano no ocult\u00f3 sus ganas y dijo que puede ser precandidato a intendente"},"content":{"rendered":"<p>En el aire de \u201cVoces de la Ciudad\u201d, el dirigente local del Movimiento Evita no esquiv\u00f3 la pregunta y asegur\u00f3 que quieren iniciar un camino de construcci\u00f3n de un proyecto pol\u00edtico que sea una alternativa electoral el venidero a\u00f1o.<\/p>\n<p>&#8211; \u201cLuciano, \u00bfvas a ser precandidato a intendente?<\/p>\n<p>-S\u00ed, puede ser una posibilidad\u2026 nosotros queremos ser parte de la discusi\u00f3n de lo que viene, hay muchas cosas por corregir a nivel local, creo que hay que fortalecer una alternativa que represente a los compa\u00f1eros m\u00e1s humildes y sectores que hoy no tienen una representaci\u00f3n, como la econom\u00eda popular o el cooperativismo a nivel local, que tambi\u00e9n ven esta demanda.<\/p>\n<p>As\u00ed empezaba la nota realizada por el periodista Jorge G\u00f3mez, que encontr\u00f3 al dirigente peronista firme en su respuesta, tras la cual asegur\u00f3: \u201cTenemos que iniciar un camino de construcci\u00f3n de proyecto pol\u00edtico, anteponemos lo colectivo por encima de lo individual, es una caracter\u00edstica del Movimiento Evita\u201d.<\/p>\n<p>Sigui\u00f3 afirmando que \u201cnosotros vamos a participar, queremos ser parte de la discusi\u00f3n y llevar nuestro proyecto de ciudad, hay cuestiones a mejorar\u2026\u201d, y cuando se le pregunt\u00f3 cu\u00e1les, respondi\u00f3: \u201cPor ejemplo el tema de salud, que trasciende a esta gesti\u00f3n, viene de varias gestiones, adem\u00e1s con un sistema privado de salud que est\u00e1 en las \u00faltimas, con los 1000 pesos de sobrepago en negro que explicaron con la excusa de gastos administrativos. El C\u00edrculo M\u00e9dico tiene mucho que ver con esto y nadie le pone el cascabel al gato\u201d.<\/p>\n<p>\u201cDesarrollo Social es otro tema que tenemos que abordar de manera integral, muchas cosas no son bien abordadas a nivel local\u201d, acot\u00f3 Lescano, quien finalmente invit\u00f3 a la comunidad a conocer el trabajo del Movimiento Evita en su sede de 67 entre 58 y 56, \u201cdonde tenemos talleres, unidades productivas, Potenciar Trabajo, y dem\u00e1s programas\u201d.<\/p>\n","protected":false},"excerpt":{"rendered":"<p>En el aire de \u201cVoces de la Ciudad\u201d, el dirigente local del Movimiento Evita no esquiv\u00f3 la pregunta y asegur\u00f3 que quieren iniciar un camino de construcci\u00f3n de un proyecto pol\u00edtico que sea una alternativa electoral el venidero a\u00f1o. &#8211; \u201cLuciano, \u00bfvas a ser precandidato a intendente? -S\u00ed, puede ser una posibilidad\u2026 nosotros queremos ser [&hellip;]<\/p>\n","protected":false},"author":3,"featured_media":91770,"comment_status":"closed","ping_status":"closed","sticky":false,"template":"","format":"standard","meta":{"footnotes":""},"categories":[3],"tags":[],"class_list":["post-91769","post","type-post","status-publish","format-standard","has-post-thumbnail","category-masnoticias"],"_links":{"self":[{"href":"https:\/\/primicias2262.com\/noticias\/wp-json\/wp\/v2\/posts\/91769","targetHints":{"allow":["GET"]}}],"collection":[{"href":"https:\/\/primicias2262.com\/noticias\/wp-json\/wp\/v2\/posts"}],"about":[{"href":"https:\/\/primicias2262.com\/noticias\/wp-json\/wp\/v2\/types\/post"}],"author":[{"embeddable":true,"href":"https:\/\/primicias2262.com\/noticias\/wp-json\/wp\/v2\/users\/3"}],"replies":[{"embeddable":true,"href":"https:\/\/primicias2262.com\/noticias\/wp-json\/wp\/v2\/comments?post=91769"}],"version-history":[{"count":0,"href":"https:\/\/primicias2262.com\/noticias\/wp-json\/wp\/v2\/posts\/91769\/revisions"}],"wp:attachment":[{"href":"https:\/\/primicias2262.com\/noticias\/wp-json\/wp\/v2\/media?parent=91769"}],"wp:term":[{"taxonomy":"category","embeddable":true,"href":"https:\/\/primicias2262.com\/noticias\/wp-json\/wp\/v2\/categories?post=91769"},{"taxonomy":"post_tag","embeddable":true,"href":"https:\/\/primicias2262.com\/noticias\/wp-json\/wp\/v2\/tags?post=91769"}],"curies":[{"name":"wp","href":"https:\/\/api.w.org\/{rel}","templated":true}]}}