{"id":91773,"date":"2022-07-18T16:38:22","date_gmt":"2022-07-18T19:38:22","guid":{"rendered":"https:\/\/primicias2262.com\/?p=91773"},"modified":"2022-07-18T16:38:22","modified_gmt":"2022-07-18T19:38:22","slug":"la-liga-necochea-dio-a-conocer-la-lista-de-preseleccionados-sub-15","status":"publish","type":"post","link":"https:\/\/primicias2262.com\/noticias\/la-liga-necochea-dio-a-conocer-la-lista-de-preseleccionados-sub-15\/","title":{"rendered":"La Liga Necochea dio a conocer la lista de preseleccionados Sub 15"},"content":{"rendered":"<p>Una vez m\u00e1s, el juvenil del f\u00fatbol necochense ser\u00e1 dirigido por Maximiliano Montiel, quien dio a conocer la lista de jugadores preseleccionados de cara al torneo de selecciones Sub 15 de las Federaci\u00f3n de Ligas del Este, dependiente del Consejo Federal de AFA.<\/p>\n<p>Del siguiente listado que se comparte a continuaci\u00f3n, luego habr\u00e1 un filtro, hasta conocer la lista definitiva.<\/p>\n<p><a href=\"https:\/\/primicias2262.com\/wp-content\/uploads\/2022\/07\/IMG-20220717-WA0029.jpg\"><img loading=\"lazy\" decoding=\"async\" class=\"aligncenter size-full wp-image-91774\" src=\"https:\/\/primicias2262.com\/wp-content\/uploads\/2022\/07\/IMG-20220717-WA0029.jpg\" alt=\"\" width=\"1080\" height=\"1080\" \/><\/a><\/p>\n","protected":false},"excerpt":{"rendered":"<p>Una vez m\u00e1s, el juvenil del f\u00fatbol necochense ser\u00e1 dirigido por Maximiliano Montiel, quien dio a conocer la lista de jugadores preseleccionados de cara al torneo de selecciones Sub 15 de las Federaci\u00f3n de Ligas del Este, dependiente del Consejo Federal de AFA. Del siguiente listado que se comparte a continuaci\u00f3n, luego habr\u00e1 un filtro, [&hellip;]<\/p>\n","protected":false},"author":3,"featured_media":70506,"comment_status":"closed","ping_status":"closed","sticky":false,"template":"","format":"standard","meta":{"footnotes":""},"categories":[3],"tags":[],"class_list":["post-91773","post","type-post","status-publish","format-standard","has-post-thumbnail","category-masnoticias"],"_links":{"self":[{"href":"https:\/\/primicias2262.com\/noticias\/wp-json\/wp\/v2\/posts\/91773","targetHints":{"allow":["GET"]}}],"collection":[{"href":"https:\/\/primicias2262.com\/noticias\/wp-json\/wp\/v2\/posts"}],"about":[{"href":"https:\/\/primicias2262.com\/noticias\/wp-json\/wp\/v2\/types\/post"}],"author":[{"embeddable":true,"href":"https:\/\/primicias2262.com\/noticias\/wp-json\/wp\/v2\/users\/3"}],"replies":[{"embeddable":true,"href":"https:\/\/primicias2262.com\/noticias\/wp-json\/wp\/v2\/comments?post=91773"}],"version-history":[{"count":0,"href":"https:\/\/primicias2262.com\/noticias\/wp-json\/wp\/v2\/posts\/91773\/revisions"}],"wp:attachment":[{"href":"https:\/\/primicias2262.com\/noticias\/wp-json\/wp\/v2\/media?parent=91773"}],"wp:term":[{"taxonomy":"category","embeddable":true,"href":"https:\/\/primicias2262.com\/noticias\/wp-json\/wp\/v2\/categories?post=91773"},{"taxonomy":"post_tag","embeddable":true,"href":"https:\/\/primicias2262.com\/noticias\/wp-json\/wp\/v2\/tags?post=91773"}],"curies":[{"name":"wp","href":"https:\/\/api.w.org\/{rel}","templated":true}]}}