{"id":91786,"date":"2022-07-15T10:03:37","date_gmt":"2022-07-15T13:03:37","guid":{"rendered":"https:\/\/primicias2262.com\/?p=91786"},"modified":"2022-07-15T10:03:37","modified_gmt":"2022-07-15T13:03:37","slug":"el-puente-colgante-permanecera-cerrado-este-martes-de-17-a-19-por-una-intervencion-artistica","status":"publish","type":"post","link":"https:\/\/primicias2262.com\/noticias\/el-puente-colgante-permanecera-cerrado-este-martes-de-17-a-19-por-una-intervencion-artistica\/","title":{"rendered":"El Puente Colgante permanecer\u00e1 cerrado este martes de 17 a 19 por una intervenci\u00f3n art\u00edstica"},"content":{"rendered":"<p>Debido a una intervenci\u00f3n art\u00edstica en conmemoraci\u00f3n de los 93 a\u00f1os de vida de la hist\u00f3rica estructura necochense, Tr\u00e1nsito cerrar\u00e1 por el espacio de dos horas la circulaci\u00f3n vehicular en ambas manos.<\/p>\n<div class=\"elementor-element elementor-element-4e81b259 elementor-widget elementor-widget-theme-post-content\" data-id=\"4e81b259\" data-element_type=\"widget\" data-widget_type=\"theme-post-content.default\">\n<div class=\"elementor-widget-container\">\n<p><strong>La Direcci\u00f3n de Tr\u00e1nsito, a cargo de Carlos D\u00edaz, informa que entre las 17 y las 19 horas de este martes 19 de julio, el Puente Colgante \u201cHip\u00f3lito Yrigoyen\u201d estar\u00e1 cerrado a la circulaci\u00f3n vehicular en sus dos manos.<\/strong><\/p>\n<p>El corte transitorio al tr\u00e1nsito es por una actividad que se da en el marco del 93\u00ba aniversario de la inauguraci\u00f3n de dicho puente (que se cumple este jueves 21) y que llevar\u00e1 a cabo el ballet folk\u00f3rico \u201cA\u00f1oranzas\u201d, que recrear\u00e1 el inicio de la circulaci\u00f3n y uni\u00f3n de Necochea y Quequ\u00e9n.<\/p>\n<p>Durante la intervenci\u00f3n art\u00edstica, se har\u00e1 una postal de la apertura del Colgante y se bailar\u00e1 una danza tradicional alusiva a Necochea, Quequ\u00e9n y las ciudades de la regi\u00f3n en aquella \u00e9poca de zonas rurales.<\/p>\n<p>Una vez culminada la jornada y la desconcentraci\u00f3n de los vecinos, la Direcci\u00f3n de Tr\u00e1nsito liberar\u00e1 el paso a los veh\u00edculos para que el hist\u00f3rico puente quede funcionando normalmente.<\/p>\n<\/div>\n<\/div>\n","protected":false},"excerpt":{"rendered":"<p>Debido a una intervenci\u00f3n art\u00edstica en conmemoraci\u00f3n de los 93 a\u00f1os de vida de la hist\u00f3rica estructura necochense, Tr\u00e1nsito cerrar\u00e1 por el espacio de dos horas la circulaci\u00f3n vehicular en ambas manos. La Direcci\u00f3n de Tr\u00e1nsito, a cargo de Carlos D\u00edaz, informa que entre las 17 y las 19 horas de este martes 19 de [&hellip;]<\/p>\n","protected":false},"author":3,"featured_media":76608,"comment_status":"closed","ping_status":"closed","sticky":false,"template":"","format":"standard","meta":{"footnotes":""},"categories":[3],"tags":[],"class_list":["post-91786","post","type-post","status-publish","format-standard","has-post-thumbnail","category-masnoticias"],"_links":{"self":[{"href":"https:\/\/primicias2262.com\/noticias\/wp-json\/wp\/v2\/posts\/91786","targetHints":{"allow":["GET"]}}],"collection":[{"href":"https:\/\/primicias2262.com\/noticias\/wp-json\/wp\/v2\/posts"}],"about":[{"href":"https:\/\/primicias2262.com\/noticias\/wp-json\/wp\/v2\/types\/post"}],"author":[{"embeddable":true,"href":"https:\/\/primicias2262.com\/noticias\/wp-json\/wp\/v2\/users\/3"}],"replies":[{"embeddable":true,"href":"https:\/\/primicias2262.com\/noticias\/wp-json\/wp\/v2\/comments?post=91786"}],"version-history":[{"count":0,"href":"https:\/\/primicias2262.com\/noticias\/wp-json\/wp\/v2\/posts\/91786\/revisions"}],"wp:attachment":[{"href":"https:\/\/primicias2262.com\/noticias\/wp-json\/wp\/v2\/media?parent=91786"}],"wp:term":[{"taxonomy":"category","embeddable":true,"href":"https:\/\/primicias2262.com\/noticias\/wp-json\/wp\/v2\/categories?post=91786"},{"taxonomy":"post_tag","embeddable":true,"href":"https:\/\/primicias2262.com\/noticias\/wp-json\/wp\/v2\/tags?post=91786"}],"curies":[{"name":"wp","href":"https:\/\/api.w.org\/{rel}","templated":true}]}}