{"id":91788,"date":"2022-07-19T10:12:58","date_gmt":"2022-07-19T13:12:58","guid":{"rendered":"https:\/\/primicias2262.com\/?p=91788"},"modified":"2022-07-19T10:12:58","modified_gmt":"2022-07-19T13:12:58","slug":"se-realizaron-talleres-en-la-plaza-y-este-martes-siguen-las-actividades-gratuitas-por-el-receso","status":"publish","type":"post","link":"https:\/\/primicias2262.com\/noticias\/se-realizaron-talleres-en-la-plaza-y-este-martes-siguen-las-actividades-gratuitas-por-el-receso\/","title":{"rendered":"Se realizaron talleres en la Plaza y este martes siguen las actividades gratuitas por el receso"},"content":{"rendered":"<p><strong>Ayer lunes inici\u00f3 el receso escolar de invierno y fue la segunda jornada de actividades gratuitas organizadas por la comuna en la Plaza Dardo Rocha. Tras la presentaci\u00f3n de \u00abDo\u00f1a Fresca\u00bb durante la tarde del domingo, fue el turno de los talleres de Barrio Cultura en la carpa ubicada frente al municipio.<\/strong><\/p>\n<p>La iniciativa cont\u00f3 con gran concurrencia de chicos acompa\u00f1ados por sus familias. En tanto, este martes desde las 15 volver\u00e1 a presentarse \u00abDo\u00f1a Fresca\u00bb.<\/p>\n<p>Vale destacar que en simult\u00e1neo a la <strong><a href=\"https:\/\/www.necochea.gov.ar\/vacaciones-cartelera-de-obras-en-el-teatro-municipal-y-espectaculos-gratuitos-en-la-plaza\/\" target=\"_blank\" rel=\"noreferrer noopener\">propuesta del Teatro Municipal \u00abLuis Sandrini\u00bb<\/a><\/strong>, las actividades y espect\u00e1culos gratuitos en la Plaza se dar\u00e1n a diario hasta culminar las vacaciones de invierno para la comunidad escolar, y a continuaci\u00f3n se comparte el cronograma completo.<\/p>\n\n","protected":false},"excerpt":{"rendered":"<p>Ayer lunes inici\u00f3 el receso escolar de invierno y fue la segunda jornada de actividades gratuitas organizadas por la comuna en la Plaza Dardo Rocha. Tras la presentaci\u00f3n de \u00abDo\u00f1a Fresca\u00bb durante la tarde del domingo, fue el turno de los talleres de Barrio Cultura en la carpa ubicada frente al municipio. La iniciativa cont\u00f3 [&hellip;]<\/p>\n","protected":false},"author":3,"featured_media":91789,"comment_status":"closed","ping_status":"closed","sticky":false,"template":"","format":"standard","meta":{"footnotes":""},"categories":[3],"tags":[],"class_list":["post-91788","post","type-post","status-publish","format-standard","has-post-thumbnail","category-masnoticias"],"_links":{"self":[{"href":"https:\/\/primicias2262.com\/noticias\/wp-json\/wp\/v2\/posts\/91788","targetHints":{"allow":["GET"]}}],"collection":[{"href":"https:\/\/primicias2262.com\/noticias\/wp-json\/wp\/v2\/posts"}],"about":[{"href":"https:\/\/primicias2262.com\/noticias\/wp-json\/wp\/v2\/types\/post"}],"author":[{"embeddable":true,"href":"https:\/\/primicias2262.com\/noticias\/wp-json\/wp\/v2\/users\/3"}],"replies":[{"embeddable":true,"href":"https:\/\/primicias2262.com\/noticias\/wp-json\/wp\/v2\/comments?post=91788"}],"version-history":[{"count":0,"href":"https:\/\/primicias2262.com\/noticias\/wp-json\/wp\/v2\/posts\/91788\/revisions"}],"wp:attachment":[{"href":"https:\/\/primicias2262.com\/noticias\/wp-json\/wp\/v2\/media?parent=91788"}],"wp:term":[{"taxonomy":"category","embeddable":true,"href":"https:\/\/primicias2262.com\/noticias\/wp-json\/wp\/v2\/categories?post=91788"},{"taxonomy":"post_tag","embeddable":true,"href":"https:\/\/primicias2262.com\/noticias\/wp-json\/wp\/v2\/tags?post=91788"}],"curies":[{"name":"wp","href":"https:\/\/api.w.org\/{rel}","templated":true}]}}