{"id":91793,"date":"2022-07-19T12:56:17","date_gmt":"2022-07-19T15:56:17","guid":{"rendered":"https:\/\/primicias2262.com\/?p=91793"},"modified":"2022-07-19T12:56:17","modified_gmt":"2022-07-19T15:56:17","slug":"migueles-y-su-sueno-de-ser-intendente-hay-que-dar-un-paso-al-frente-y-salir-del-confort","status":"publish","type":"post","link":"https:\/\/primicias2262.com\/noticias\/migueles-y-su-sueno-de-ser-intendente-hay-que-dar-un-paso-al-frente-y-salir-del-confort\/","title":{"rendered":"Migueles y su sue\u00f1o de ser intendente: \u201cHay que dar un paso al frente y salir del confort\u201d"},"content":{"rendered":"<p>De cara a las elecciones de 2023, el abogado Mart\u00edn Migueles se mostr\u00f3 interesado en ser precandidato a intendente de Necochea, y en el aire de \u201cVoces de la Ciudad\u201d coment\u00f3 algunas de sus ideas para la gesti\u00f3n.<\/p>\n<p>En di\u00e1logo con el periodista Jorge G\u00f3mez, Migueles confirm\u00f3 que anhela ser precandidato a intendente en las elecciones primarias de agosto 2023 dentro del espacio de Juntos por el Cambio. \u201cEs una vocaci\u00f3n que siempre tuve latente, estoy en la edad ideal y creo que en este momento que vive Argentina hay que dar un paso al frente y salir del confort\u201d.<\/p>\n<p>Fue as\u00ed que cont\u00f3 que \u201cllevo 30 a\u00f1os de abogado ininterrumpidos y estoy en una zona de confort, lo reconozco, pero quiero dar todo por Necochea y Quequ\u00e9n, siento que tengo una asignatura pendiente\u201d. Vale recordar que como antecedente en pol\u00edtica, Migueles fue concejal, \u00e1mbito del que se alej\u00f3 en 2001, y posteriormente fue tambi\u00e9n presidente del Consejo de Administraci\u00f3n de la Usina Popular Cooperativa.<\/p>\n<p>Luego se dedic\u00f3 a su familia y a sus hijos y actualmente despunta el vicio del monta\u00f1ismo, pero ahora asegur\u00f3 que \u201cme quiero complicar la vida (risas), ahora se da el contexto y la situaci\u00f3n pol\u00edtica en Argentina, y algunas cosas en mi ciudad como la contaminaci\u00f3n ambiental\u201d, esgrimiendo que \u201cNecochea es una ciudad que hace muchos a\u00f1os no hace nada por el medio ambiente, y nos deber\u00edamos preocupar por la contaminaci\u00f3n\u201d.<\/p>\n<p>Con respecto a ello, manifest\u00f3 que \u201ctenemos elementos para encarar la parte ambiental, hacer todo lo posible para que no exista contaminaci\u00f3n ambiental y menos en las aguas del r\u00edo y mar. No podemos tirar los desechos all\u00ed, el agua del distrito y la reparaci\u00f3n de ca\u00f1er\u00edas antiguas son temas inminentes\u201d.<\/p>\n<p>En tanto, si bien aclar\u00f3 que \u201cmi esp\u00edritu con la gesti\u00f3n de Arturo (Rojas) no es cr\u00edtica, s\u00ed argument\u00f3 que \u201cel tema ambiental es urgente, es un problema a afrontar ya porque no da para m\u00e1s, es como barrer y esconder los problemas. La planta de efluentes cloacales, c\u00f3mo tiramos la basura y miramos para el costado, sin tratamiento ni reciclado, son todos temas urgentes\u201d, para luego dar paso a otros ejes fundamentales de su visi\u00f3n.<\/p>\n<p>\u201cOtro tema ser\u00eda el desarrollo de la ciudad hacia el Oeste, hasta urbanizar la zona de los molinos y extender la Av. 10 para dar respuesta a toda la zona de Villa Zabala, donde se est\u00e1 yendo a vivir mucha gente joven. Incluso, pasando los molinos hay un sector de campos privados donde se puede urbanizar frente al mar, y estamos a solo 8 kil\u00f3metros\u201d.<\/p>\n<p>Afirm\u00f3 al respecto que \u201cla Municipalidad tiene que llevar los servicios, extender asfalto y as\u00ed la ciudad se expande sola, aparecen los negocios y el privado invierte. El Estado municipal tiene que brindar las condiciones para que el privado pueda desarrollarse\u201d, para agregar que \u201cson como 30 kil\u00f3metros de frente costero que tiene Necochea para apuntar al turismo, que haya inversiones y que la gente viva en contacto con el mar\u201d.<\/p>\n<p>\u201cTenemos que despejar el mar en Necochea, tenemos que circular por la 2 y ver el mar desde 91 hasta la 71, que si te pon\u00e9s a observar ten\u00e9s unas moles de cemento construidas que hay que empezar a desaparecer\u201d, a\u00f1adi\u00f3.<\/p>\n<p>Y argument\u00f3 que \u201choy las playas del mundo son con cero intervenci\u00f3n, y si hay algo de intervenci\u00f3n est\u00e1 relacionada con el paisaje. Ahora la gente busca la comuni\u00f3n con la naturaleza y quiere ver el mar, entonces hay que hacer una buena costanera y prolongar la 2 hasta los molinos para que la gente pueda pasear y tomar mate. Necochea en lo tur\u00edstico tiene un potencial enorme, somos una ciudad agr\u00edcola por el puerto, el mar y el campo, pero a nivel tur\u00edstico est\u00e1 todo por hacer. En comparaci\u00f3n con Necochea y Quequ\u00e9n, naturalmente no hay ciudad que las iguale, y se pueden desarrollar\u201d.<\/p>\n<p>Por otra parte, puntualiz\u00f3 que tambi\u00e9n le interesar\u00eda \u201csimplificar la habilitaci\u00f3n de comercios para las Pymes, que se encuentran con una burocracia enorme. Hay que digitalizarlo y hacerlo f\u00e1cil, al comerciante que va a poner plata en un negocio le ten\u00e9s que cobrar cero pesos\u201d, sintetiz\u00f3.<\/p>\n","protected":false},"excerpt":{"rendered":"<p>De cara a las elecciones de 2023, el abogado Mart\u00edn Migueles se mostr\u00f3 interesado en ser precandidato a intendente de Necochea, y en el aire de \u201cVoces de la Ciudad\u201d coment\u00f3 algunas de sus ideas para la gesti\u00f3n. En di\u00e1logo con el periodista Jorge G\u00f3mez, Migueles confirm\u00f3 que anhela ser precandidato a intendente en las [&hellip;]<\/p>\n","protected":false},"author":3,"featured_media":91794,"comment_status":"closed","ping_status":"closed","sticky":false,"template":"","format":"standard","meta":{"footnotes":""},"categories":[3],"tags":[],"class_list":["post-91793","post","type-post","status-publish","format-standard","has-post-thumbnail","category-masnoticias"],"_links":{"self":[{"href":"https:\/\/primicias2262.com\/noticias\/wp-json\/wp\/v2\/posts\/91793","targetHints":{"allow":["GET"]}}],"collection":[{"href":"https:\/\/primicias2262.com\/noticias\/wp-json\/wp\/v2\/posts"}],"about":[{"href":"https:\/\/primicias2262.com\/noticias\/wp-json\/wp\/v2\/types\/post"}],"author":[{"embeddable":true,"href":"https:\/\/primicias2262.com\/noticias\/wp-json\/wp\/v2\/users\/3"}],"replies":[{"embeddable":true,"href":"https:\/\/primicias2262.com\/noticias\/wp-json\/wp\/v2\/comments?post=91793"}],"version-history":[{"count":0,"href":"https:\/\/primicias2262.com\/noticias\/wp-json\/wp\/v2\/posts\/91793\/revisions"}],"wp:attachment":[{"href":"https:\/\/primicias2262.com\/noticias\/wp-json\/wp\/v2\/media?parent=91793"}],"wp:term":[{"taxonomy":"category","embeddable":true,"href":"https:\/\/primicias2262.com\/noticias\/wp-json\/wp\/v2\/categories?post=91793"},{"taxonomy":"post_tag","embeddable":true,"href":"https:\/\/primicias2262.com\/noticias\/wp-json\/wp\/v2\/tags?post=91793"}],"curies":[{"name":"wp","href":"https:\/\/api.w.org\/{rel}","templated":true}]}}