{"id":91811,"date":"2022-07-19T20:08:26","date_gmt":"2022-07-19T23:08:26","guid":{"rendered":"https:\/\/primicias2262.com\/?p=91811"},"modified":"2022-07-19T20:08:26","modified_gmt":"2022-07-19T23:08:26","slug":"brindan-ayuda-para-la-inscripcion-a-la-segmentacion-de-las-tarifas-de-gas-y-luz","status":"publish","type":"post","link":"https:\/\/primicias2262.com\/noticias\/brindan-ayuda-para-la-inscripcion-a-la-segmentacion-de-las-tarifas-de-gas-y-luz\/","title":{"rendered":"Brindan ayuda para la inscripci\u00f3n a la segmentaci\u00f3n de las tarifas de gas y luz"},"content":{"rendered":"<p>Espacio en Com\u00fan, en conjunto con la Red Nacional de Multisectoriales, contin\u00faa brindando<br \/>\nayuda y asesoramiento para la inscripci\u00f3n al registro de segmentaci\u00f3n de subsidios de la luz y el gas.<\/p>\n<p>Si los interesados no saben, no pueden o no tienen c\u00f3mo inscribirse pueden acercarse al local ubicado en 66 N\u00b0 3256, con DNI facturas de gas y luz y un mail.<\/p>\n<p>El cronograma es el siguiente: documentos terminados en\u00a0 3-4- 5 mi\u00e9rcoles 20 y jueves 21 de 15 a 19 y los finalizados en 6-7-8-9 el s\u00e1bado 23 de 9 a 13 y lunes 25 de 15 a 19.<\/p>\n","protected":false},"excerpt":{"rendered":"<p>Espacio en Com\u00fan, en conjunto con la Red Nacional de Multisectoriales, contin\u00faa brindando ayuda y asesoramiento para la inscripci\u00f3n al registro de segmentaci\u00f3n de subsidios de la luz y el gas. Si los interesados no saben, no pueden o no tienen c\u00f3mo inscribirse pueden acercarse al local ubicado en 66 N\u00b0 3256, con DNI facturas [&hellip;]<\/p>\n","protected":false},"author":3,"featured_media":91812,"comment_status":"closed","ping_status":"closed","sticky":false,"template":"","format":"standard","meta":{"footnotes":""},"categories":[3],"tags":[],"class_list":["post-91811","post","type-post","status-publish","format-standard","has-post-thumbnail","category-masnoticias"],"_links":{"self":[{"href":"https:\/\/primicias2262.com\/noticias\/wp-json\/wp\/v2\/posts\/91811","targetHints":{"allow":["GET"]}}],"collection":[{"href":"https:\/\/primicias2262.com\/noticias\/wp-json\/wp\/v2\/posts"}],"about":[{"href":"https:\/\/primicias2262.com\/noticias\/wp-json\/wp\/v2\/types\/post"}],"author":[{"embeddable":true,"href":"https:\/\/primicias2262.com\/noticias\/wp-json\/wp\/v2\/users\/3"}],"replies":[{"embeddable":true,"href":"https:\/\/primicias2262.com\/noticias\/wp-json\/wp\/v2\/comments?post=91811"}],"version-history":[{"count":0,"href":"https:\/\/primicias2262.com\/noticias\/wp-json\/wp\/v2\/posts\/91811\/revisions"}],"wp:attachment":[{"href":"https:\/\/primicias2262.com\/noticias\/wp-json\/wp\/v2\/media?parent=91811"}],"wp:term":[{"taxonomy":"category","embeddable":true,"href":"https:\/\/primicias2262.com\/noticias\/wp-json\/wp\/v2\/categories?post=91811"},{"taxonomy":"post_tag","embeddable":true,"href":"https:\/\/primicias2262.com\/noticias\/wp-json\/wp\/v2\/tags?post=91811"}],"curies":[{"name":"wp","href":"https:\/\/api.w.org\/{rel}","templated":true}]}}