{"id":91829,"date":"2022-07-20T13:19:07","date_gmt":"2022-07-20T16:19:07","guid":{"rendered":"https:\/\/primicias2262.com\/?p=91829"},"modified":"2022-07-20T13:19:07","modified_gmt":"2022-07-20T16:19:07","slug":"con-un-presente-estable-la-camara-comercial-de-necochea-cumplio-88-anos","status":"publish","type":"post","link":"https:\/\/primicias2262.com\/noticias\/con-un-presente-estable-la-camara-comercial-de-necochea-cumplio-88-anos\/","title":{"rendered":"Con un presente estable, la C\u00e1mara Comercial de Necochea cumpli\u00f3 88 a\u00f1os"},"content":{"rendered":"<p>As\u00ed lo manifest\u00f3 el presidente de la instituci\u00f3n, Mariano Gonz\u00e1lez, quien al aire de \u201cVoces de la Ciudad\u201d expres\u00f3 que \u201choy por hoy por suerte estamos bastante estables, pasamos el gran cimbronazo que tuvimos en la pandemia, que realmente nos afloj\u00f3 las piernas porque no ten\u00edamos el ingreso de la cuota de los socios y el Bapro estaba cerrado\u201d.<\/p>\n<p>Al ser consultado por Carlos Gonz\u00e1lez Oron\u00f3 acerca del 88\u00ba aniversario de la C\u00e1mara Comercial, el dirigente ampli\u00f3: \u201cAhora estamos con esta crisis comercial que viene de hace muchos a\u00f1os, pero la C\u00e1mara sigue acompa\u00f1ando siempre al socio y ayudando en lo que puede\u201d.<\/p>\n<p>\u201cEs una instituci\u00f3n que cumple 88 a\u00f1os y tiene vida propia, no importa qui\u00e9n est\u00e9 o qui\u00e9n pase por ella, va a seguir funcionando. Nosotros solamente somos actores que estamos un tiempito bajo su ala, despu\u00e9s seguiremos nuestros caminos y la C\u00e1mara Comercial seguir\u00e1 siendo tal\u201d, asever\u00f3.<\/p>\n<p>Gonz\u00e1lez manifest\u00f3 que \u201cse han hecho cosas siempre desinteresadamente, porque toda la comisi\u00f3n directiva funciona ad honorem, es una instituci\u00f3n sin fines de lucro y las instituciones intermedias que trabajan desinteresadamente logran perdurar por ello mismo, porque no se contaminan, como en aquellos sectores donde se hace por un fin econ\u00f3mico\u201d.<\/p>\n<p>Como dato de color, revel\u00f3 que \u201cest\u00e1bamos en una reuni\u00f3n en el puerto y el historiador de all\u00ed nos contaba que cuando se solicit\u00f3 que se forme un puerto en la desembocadura del R\u00edo Quequ\u00e9n, fue a pedido de la C\u00e1mara Comercial de ese entonces\u201d, y si bien se\u00f1al\u00f3 que este a\u00f1o solo hubo salutaciones, \u201cnos estamos preparando para festejar los 90 a\u00f1os\u201d.<\/p>\n<p>Actualmente, \u201ces de conocimiento p\u00fablico que por estas semanas el comercio minorista, que somos el 90% de la C\u00e1mara de Necochea, estamos un poco en el aire, nos est\u00e1 costando mucho trabajar con esta incertidumbre econ\u00f3mica que hay, y los minoristas somos los que m\u00e1s terminamos sufriendo porque somos el \u00faltimo eslab\u00f3n de la cadena, que ponemos la cara ante el consumidor final, y el consumidor final es el m\u00e1s lastimado en este asunto porque lo siente en su bolsillo\u201d, concluy\u00f3 Gonz\u00e1lez.<\/p>\n","protected":false},"excerpt":{"rendered":"<p>As\u00ed lo manifest\u00f3 el presidente de la instituci\u00f3n, Mariano Gonz\u00e1lez, quien al aire de \u201cVoces de la Ciudad\u201d expres\u00f3 que \u201choy por hoy por suerte estamos bastante estables, pasamos el gran cimbronazo que tuvimos en la pandemia, que realmente nos afloj\u00f3 las piernas porque no ten\u00edamos el ingreso de la cuota de los socios y [&hellip;]<\/p>\n","protected":false},"author":3,"featured_media":91378,"comment_status":"closed","ping_status":"closed","sticky":false,"template":"","format":"standard","meta":{"footnotes":""},"categories":[3],"tags":[],"class_list":["post-91829","post","type-post","status-publish","format-standard","has-post-thumbnail","category-masnoticias"],"_links":{"self":[{"href":"https:\/\/primicias2262.com\/noticias\/wp-json\/wp\/v2\/posts\/91829","targetHints":{"allow":["GET"]}}],"collection":[{"href":"https:\/\/primicias2262.com\/noticias\/wp-json\/wp\/v2\/posts"}],"about":[{"href":"https:\/\/primicias2262.com\/noticias\/wp-json\/wp\/v2\/types\/post"}],"author":[{"embeddable":true,"href":"https:\/\/primicias2262.com\/noticias\/wp-json\/wp\/v2\/users\/3"}],"replies":[{"embeddable":true,"href":"https:\/\/primicias2262.com\/noticias\/wp-json\/wp\/v2\/comments?post=91829"}],"version-history":[{"count":0,"href":"https:\/\/primicias2262.com\/noticias\/wp-json\/wp\/v2\/posts\/91829\/revisions"}],"wp:attachment":[{"href":"https:\/\/primicias2262.com\/noticias\/wp-json\/wp\/v2\/media?parent=91829"}],"wp:term":[{"taxonomy":"category","embeddable":true,"href":"https:\/\/primicias2262.com\/noticias\/wp-json\/wp\/v2\/categories?post=91829"},{"taxonomy":"post_tag","embeddable":true,"href":"https:\/\/primicias2262.com\/noticias\/wp-json\/wp\/v2\/tags?post=91829"}],"curies":[{"name":"wp","href":"https:\/\/api.w.org\/{rel}","templated":true}]}}