{"id":91834,"date":"2022-07-20T14:09:43","date_gmt":"2022-07-20T17:09:43","guid":{"rendered":"https:\/\/primicias2262.com\/?p=91834"},"modified":"2022-07-20T14:09:43","modified_gmt":"2022-07-20T17:09:43","slug":"facundo-rodriguez-hablo-del-trabajo-de-la-juventud-peronista-para-buscar-nuevos-afiliados","status":"publish","type":"post","link":"https:\/\/primicias2262.com\/noticias\/facundo-rodriguez-hablo-del-trabajo-de-la-juventud-peronista-para-buscar-nuevos-afiliados\/","title":{"rendered":"Facundo Rodr\u00edguez habl\u00f3 del trabajo de la juventud peronista para buscar nuevos afiliados"},"content":{"rendered":"<p>Se est\u00e1 desarrollando este invierno desde la Secretar\u00eda de la Juventud del Partido Justicialista de Necochea la denominada \u201cCampa\u00f1a de Afiliaci\u00f3n\u201d al peronismo local. Semanas atr\u00e1s se realiz\u00f3 una presencia activa de sus componentes en los monumentos que recuerdan a Eva Per\u00f3n y Juan Per\u00f3n, en Necochea y Quequ\u00e9n.<\/p>\n<p>En la ma\u00f1ana de FM Vinilo 103.5 MHz, Facundo Rodr\u00edguez, secretario de Juventud del Partido Justicialista de Necochea, hizo un recorrido por las diversas actividades que se planifican en el seno de una fuerza pol\u00edtica local que, pasadas las elecciones internas, tiene como objetivo volver a transformarse en una alternativa de poder desde el trabajo de su militancia.<\/p>\n<p>El joven dirigente asegur\u00f3 en el programa Voces de la Ciudad que est\u00e1 encarando esta nueva etapa \u201ccon mucho entusiasmo y expectativa\u201d, habiendo resultado satisfactorio la colecta de afiliaciones que se vienen dando tras el proceso comicial interno que vivi\u00f3 el PJ necochense.<\/p>\n<p>Con respecto a las motivaciones que lo llevaron a participar y a convertirse, hoy, en el referente juvenil del PJ local, explic\u00f3 que \u201csiempre me gust\u00f3 militar y el tema de la pol\u00edtica para el bienestar social, esa fue la idea siempre\u201d. Adem\u00e1s, \u201cmi pap\u00e1 militaba cuando yo era chico y siempre trabaj\u00f3 acompa\u00f1ando, as\u00ed que un poco mamamos eso\u201d.<\/p>\n<p>Para complementar estos operativos itinerantes, las puertas del partido que preside el abogado Marcelo Rivero se encuentra abiertas todos los d\u00edas desde las 8:30 y hasta las 13, por la ma\u00f1ana, y de 16 a 20 en la tarde, lugar hacia el que se pueden acercar todos aquellos que quieran sumarse al padr\u00f3n justicialista.<\/p>\n<p>\u201cEn la campa\u00f1a se habl\u00f3 siempre, como propuesta, de abrir el partido. La idea es sumar a todas las agrupaciones y referentes peronistas, siempre en conjunto y pensando en la mejora del distrito\u201d, asever\u00f3 el joven de 34 a\u00f1os, quien se anim\u00f3 a revelar que ya se trabaja en el armado de \u201cuna plataforma para tener una estructura en 2023. No es solo hablar y decir, eso es lo que venimos moviendo desde la juventud: tomar alguna problem\u00e1tica, presentar un proyecto e ir impuls\u00e1ndolo\u201d.<\/p>\n<p>En ese contexto, Rodr\u00edguez cont\u00f3 que en las jornadas de trabajo \u201cse arman momentos lindos, charlas, surgen ideas y, de esas ideas, proyectos que se comentan con los m\u00e1s grandes y se les va dando forma\u201d; desde donde ha surgido la inquietud por la falta de oportunidades laborales en el distrito: \u201cEst\u00e1 todo muy dif\u00edcil y hoy hace falta mano de obra calificada, por eso vemos importantes los cursos de capacitaci\u00f3n y el primer trabajo para los chicos\u201d.<\/p>\n","protected":false},"excerpt":{"rendered":"<p>Se est\u00e1 desarrollando este invierno desde la Secretar\u00eda de la Juventud del Partido Justicialista de Necochea la denominada \u201cCampa\u00f1a de Afiliaci\u00f3n\u201d al peronismo local. Semanas atr\u00e1s se realiz\u00f3 una presencia activa de sus componentes en los monumentos que recuerdan a Eva Per\u00f3n y Juan Per\u00f3n, en Necochea y Quequ\u00e9n. En la ma\u00f1ana de FM Vinilo [&hellip;]<\/p>\n","protected":false},"author":3,"featured_media":91835,"comment_status":"closed","ping_status":"closed","sticky":false,"template":"","format":"standard","meta":{"footnotes":""},"categories":[3],"tags":[],"class_list":["post-91834","post","type-post","status-publish","format-standard","has-post-thumbnail","category-masnoticias"],"_links":{"self":[{"href":"https:\/\/primicias2262.com\/noticias\/wp-json\/wp\/v2\/posts\/91834","targetHints":{"allow":["GET"]}}],"collection":[{"href":"https:\/\/primicias2262.com\/noticias\/wp-json\/wp\/v2\/posts"}],"about":[{"href":"https:\/\/primicias2262.com\/noticias\/wp-json\/wp\/v2\/types\/post"}],"author":[{"embeddable":true,"href":"https:\/\/primicias2262.com\/noticias\/wp-json\/wp\/v2\/users\/3"}],"replies":[{"embeddable":true,"href":"https:\/\/primicias2262.com\/noticias\/wp-json\/wp\/v2\/comments?post=91834"}],"version-history":[{"count":0,"href":"https:\/\/primicias2262.com\/noticias\/wp-json\/wp\/v2\/posts\/91834\/revisions"}],"wp:attachment":[{"href":"https:\/\/primicias2262.com\/noticias\/wp-json\/wp\/v2\/media?parent=91834"}],"wp:term":[{"taxonomy":"category","embeddable":true,"href":"https:\/\/primicias2262.com\/noticias\/wp-json\/wp\/v2\/categories?post=91834"},{"taxonomy":"post_tag","embeddable":true,"href":"https:\/\/primicias2262.com\/noticias\/wp-json\/wp\/v2\/tags?post=91834"}],"curies":[{"name":"wp","href":"https:\/\/api.w.org\/{rel}","templated":true}]}}